{"id":24975,"date":"2018-06-05T05:32:02","date_gmt":"2018-06-05T11:32:02","guid":{"rendered":"http:\/\/amanecerhuasteco.com\/portal\/?p=24975"},"modified":"2018-06-05T05:32:02","modified_gmt":"2018-06-05T11:32:02","slug":"transformar-el-concepto-de-basura-proyecto-de-universitarios-en-reto-san-luis-emprende-2018","status":"publish","type":"post","link":"https:\/\/amanecerhuasteco.com\/portal\/transformar-el-concepto-de-basura-proyecto-de-universitarios-en-reto-san-luis-emprende-2018\/","title":{"rendered":"Transformar el concepto de basura, proyecto de universitarios en Reto San Luis Emprende 2018"},"content":{"rendered":"<p>&nbsp;<\/p>\n<p>San Luis Potos\u00ed.- Jonathan Iv\u00e1n G\u00e1mez Ju\u00e1rez y Juan Jos\u00e9 Alfaro Castro estudiantes de noveno semestre de la carrera de Dise\u00f1o Urbano y del Paisaje (DUP) de la Facultad del H\u00e1bitat UASLP, y otros dos estudiantes de Ingenier\u00eda en Mecatr\u00f3nica e Ingenier\u00eda en Manufactura, participan en el Reto San Luis Emprende 2018, con el proyecto Icollectors.<\/p>\n<p>Los entusiastas j\u00f3venes platicaron c\u00f3mo surgi\u00f3 su inquietud de participar en el Reto. Jonathan G\u00e1mez, coment\u00f3 que como compa\u00f1eros de la misma carrera se reunieron con la idea de un negocio recibieron la convocatoria y concluyeron ingresar, para lo que primero tuvieron que realizar un video breve donde platicaron su idea y este, ha quedado seleccionado entre los 100 mejores proyectos.<\/p>\n<p>Juan Jos\u00e9 Alfaro, explic\u00f3: \u201ces un proyecto de reciclaje urbano, que surgi\u00f3 debido a la falta del inter\u00e9s p\u00fablico. Nuestra carrera nos ha ense\u00f1ado a fomentar esa necesidad de tener un lado amigable con el medio ambiente; lo que pretendemos es ser intermediarios entre el consumidor y empresas a gran escala que generan considerable cantidad de basura y trasladar a las compa\u00f1\u00edas de reciclaje\u201d.<\/p>\n<p>El proyecto recibe el nombre de Icollectors. Uno de los mensajes primordiales es dar a la sociedad inter\u00e9s por separar la basura, \u201ccontamos con el apoyo de compa\u00f1eros de otras universidades en la manufactura del proyecto y la parte mecatr\u00f3nica para creaci\u00f3n de m\u00e1quinas y compresi\u00f3n; adem\u00e1s, tenemos varias vertientes, el proyecto no est\u00e1 enfocado a un mismo fin\u201d.<\/p>\n<p>Cabe hacer menci\u00f3n que despu\u00e9s de haber sido seleccionados en las 100 mejores ideas, ahora se encuentran en la segunda fase que consta de seis sedes principales cada una con 20 ideas de negocio. A trav\u00e9s de diversas evaluaciones y an\u00e1lisis de las ideas de negocio se ir\u00e1n llevando a cabo las eliminatorias del Reto San Luis Emprende. Los primeros seis lugares recibir\u00e1n un premio en capital semilla para su empresa. Obviamente, el proyecto Icollectors aspira al primer lugar.<\/p>\n<p>El reto tiene una duraci\u00f3n de seis semanas de trabajo con reuniones, mentor\u00edas y clases. Dentro de estas, ser\u00e1 seleccionada solo una idea como la ganadora. En coordinaci\u00f3n con los orientadores se aterrizar\u00e1 correctamente la idea de negocio.<\/p>\n<p>Juan Jos\u00e9 reconoci\u00f3 que ingresaron con una idea de negocio y ahora cuentan con las bases necesarias para crearlo. Adem\u00e1s, contemplan fomentar el proyecto en universidad, \u201cpretendemos llegar a los estudiantes, la universidad genera esa educaci\u00f3n y pretendemos retribuir, por ejemplo, una de las vertientes del proyecto es que separen la basura en sus casas y nosotros proporcionar una m\u00e1quina o centro de acopio para el reciclaje\u201d.<\/p>\n<p>Los universitarios detallaron que desde principio cuando conocieron la convocatoria ten\u00edan contemplado ingresar dentro de los 100 mejores proyectos: \u201ctenemos actitud emprendedora, lo requerido en la convocatoria, aunque consideramos tenemos una competencia re\u00f1ida. El proyecto se gane o pierda, continuar\u00e1, sobre todo porque es un proyecto social, de ganar- ganar. Es un parteaguas al egresar de la universidad\u201d.<\/p>\n<p>Finalmente, hicieron la invitaci\u00f3n a participar en encuestas para que el proyecto sea \u00fatil, a trav\u00e9s de redes sociales como Facebook y en twitter en ambos se localizan como: @icollectors.<\/p>\n<p>&#8212;<\/p>\n","protected":false},"excerpt":{"rendered":"<p>&nbsp; San Luis Potos\u00ed.- Jonathan Iv\u00e1n G\u00e1mez Ju\u00e1rez y Juan Jos\u00e9 Alfaro Castro estudiantes de noveno semestre de la carrera de Dise\u00f1o Urbano y del Paisaje (DUP) de la Facultad del H\u00e1bitat UASLP, y otros dos estudiantes de Ingenier\u00eda en Mecatr\u00f3nica e Ingenier\u00eda en Manufactura, &hellip; <\/p>\n","protected":false},"author":1,"featured_media":24976,"comment_status":"open","ping_status":"open","sticky":false,"template":"","format":"standard","meta":{"footnotes":""},"categories":[7,11,4,5],"tags":[],"class_list":["post-24975","post","type-post","status-publish","format-standard","has-post-thumbnail","hentry","category-ciudad","category-estado","category-inicio","category-politica"],"_links":{"self":[{"href":"https:\/\/amanecerhuasteco.com\/portal\/wp-json\/wp\/v2\/posts\/24975","targetHints":{"allow":["GET"]}}],"collection":[{"href":"https:\/\/amanecerhuasteco.com\/portal\/wp-json\/wp\/v2\/posts"}],"about":[{"href":"https:\/\/amanecerhuasteco.com\/portal\/wp-json\/wp\/v2\/types\/post"}],"author":[{"embeddable":true,"href":"https:\/\/amanecerhuasteco.com\/portal\/wp-json\/wp\/v2\/users\/1"}],"replies":[{"embeddable":true,"href":"https:\/\/amanecerhuasteco.com\/portal\/wp-json\/wp\/v2\/comments?post=24975"}],"version-history":[{"count":1,"href":"https:\/\/amanecerhuasteco.com\/portal\/wp-json\/wp\/v2\/posts\/24975\/revisions"}],"predecessor-version":[{"id":24977,"href":"https:\/\/amanecerhuasteco.com\/portal\/wp-json\/wp\/v2\/posts\/24975\/revisions\/24977"}],"wp:featuredmedia":[{"embeddable":true,"href":"https:\/\/amanecerhuasteco.com\/portal\/wp-json\/wp\/v2\/media\/24976"}],"wp:attachment":[{"href":"https:\/\/amanecerhuasteco.com\/portal\/wp-json\/wp\/v2\/media?parent=24975"}],"wp:term":[{"taxonomy":"category","embeddable":true,"href":"https:\/\/amanecerhuasteco.com\/portal\/wp-json\/wp\/v2\/categories?post=24975"},{"taxonomy":"post_tag","embeddable":true,"href":"https:\/\/amanecerhuasteco.com\/portal\/wp-json\/wp\/v2\/tags?post=24975"}],"curies":[{"name":"wp","href":"https:\/\/api.w.org\/{rel}","templated":true}]}}