{"id":2498,"date":"2012-12-06T15:12:34","date_gmt":"2012-12-06T21:12:34","guid":{"rendered":"http:\/\/amanecerhuasteco.com\/portal\/2012\/12\/06\/el-cambio-de-oficinas-sera-benefico-para-la-ciudadania-alcalde\/"},"modified":"2012-12-06T15:12:34","modified_gmt":"2012-12-06T21:12:34","slug":"el-cambio-de-oficinas-sera-benefico-para-la-ciudadania-alcalde","status":"publish","type":"post","link":"https:\/\/amanecerhuasteco.com\/portal\/el-cambio-de-oficinas-sera-benefico-para-la-ciudadania-alcalde\/","title":{"rendered":"EL CAMBIO DE OFICINAS SER\u00c1 BENEFICO PARA LA CIUDADANIA: ALCALDE"},"content":{"rendered":"<div style=\"text-align: start\"><strong><span style=\"text-align: justify\">&#8211;\u00a0<\/span><span style=\"text-align: justify\">Adem\u00e1s habr\u00e1 ahorro para las finanzas municipales<\/span><\/strong><\/div>\n<div style=\"text-align: justify\">Ciudad Valles S.L.P. 6\/12\/12.- El Presidente Municipal de Ciudad Valles, Juan Jos\u00e9 Ortiz Azuara, dio a conocer que diversas oficinas de la administraci\u00f3n que se encuentran en el edificio de frente a la Cruz Roja, cambiar\u00e1n de domicilio con el fin de optimizar espacios y ahorrar \u00a0recursos econ\u00f3micos, pero sobre todo para dar un mejor servicio a la ciudadan\u00eda.<\/div>\n<div style=\"text-align: justify\"><\/div>\n<div style=\"text-align: justify\">En ese edificio dijo, \u00a0permanecer\u00e1n las oficinas de Regidores, Sindicaturas, Contralor\u00eda, Recursos Materiales, Recursos Humanos, Cronista, Espect\u00e1culos, Departamento de Cartillas del Servicio Militar Nacional, \u00a0Educaci\u00f3n, Turismo, Control \u00a0Patrimonial y Comercio, en tanto que a la edificaci\u00f3n que se encuentra ubicada en la calle 5 de Mayo (Planta Alta de Farmacias Similares) se concentraran las de CODESOL, Gesti\u00f3n P\u00fablica \u00a0y Desarrollo Municipal, adem\u00e1s de \u00a0Acci\u00f3n C\u00edvica.\u00a0<\/div>\n<div style=\"text-align: justify\"><\/div>\n<div style=\"text-align: justify\">Tambi\u00e9n menciono que \u00a0la Secretaria T\u00e9cnica viene a una cuadra atr\u00e1s del Palacio Municipal, justamente en la calle Escontr\u00eda N\u00fam. 111, conjuntamente con el Departamento del Instituto Municipal de la Vivienda- INMUVI, cuyo Director es Gustavo Posselt Acosta, que cabe destacar ya despacha en esa nueva ubicaci\u00f3n en donde atender\u00e1 a partir de la fecha a toda las personas que as\u00ed lo deseen, y a quienes puso a su disposici\u00f3n el n\u00famero telef\u00f3nico 3817866.<\/div>\n<div style=\"text-align: justify\"><\/div>\n<div style=\"text-align: justify\">En el edificio del antiguo CEREDI permanecen las oficinas de \u00a0Acci\u00f3n y Difusi\u00f3n Cultural, Unidad de Transparencia y el Archivo Municipal.<\/div>\n<div style=\"text-align: justify\"><\/div>\n<div style=\"text-align: justify\">En la Avenida Pedro Antonio Santos \u00a0(arriba de Bancomer) despachar\u00e1n las \u00e1reas de Proyectos Productivos y el Instituto de Atenci\u00f3n a la Mujer.<\/div>\n<div style=\"text-align: justify\"><\/div>\n<div style=\"text-align: justify\">En la Casa de Piedra que se encuentra en Madero y Escontria se encontraran las Direcciones de Ecolog\u00eda, Defensor\u00eda Social, Econom\u00eda, Relaciones P\u00fablicas, Recreaci\u00f3n de Eventos y Rescate de Espacios, Diversidad Social, Atenci\u00f3n al Campo y Asuntos Ind\u00edgenas.\u00a0<\/div>\n<div style=\"text-align: justify\"><\/div>\n<div style=\"text-align: justify\">El Presidente Municipal indic\u00f3 que estos cambios le permitir\u00e1n al municipio un ahorro mensual de entre 20 y 25 mil pesos, adem\u00e1s de una mejor atenci\u00f3n y acceso sobre todo para personas mayores o discapacitadas.<\/div>\n<div style=\"text-align: justify\"><\/div>\n<div style=\"text-align: justify\">Inform\u00f3 que se consigui\u00f3 en pr\u00e9stamo un terreno en el que se estacionar\u00e1n los veh\u00edculos del municipio y sus empleados, para con ello descongestionar el primer cuadro urbano; al mismo tiempo que dio a conocer que se dan los primeros pasos para crear una Unidad Administrativa Municipal tentativamente a un costado del Centro Cultural, solo que es un proyecto a largo plazo \u00a0que dijo es viable y muy necesario.<\/div>\n","protected":false},"excerpt":{"rendered":"<p>&#8211;\u00a0Adem\u00e1s habr\u00e1 ahorro para las finanzas municipales Ciudad Valles S.L.P. 6\/12\/12.- El Presidente Municipal de Ciudad Valles, Juan Jos\u00e9 Ortiz Azuara, dio a conocer que diversas oficinas de la administraci\u00f3n que se encuentran en el edificio de frente a la Cruz Roja, cambiar\u00e1n de domicilio &hellip; <\/p>\n","protected":false},"author":1,"featured_media":2497,"comment_status":"open","ping_status":"open","sticky":false,"template":"","format":"standard","meta":{"footnotes":""},"categories":[4],"tags":[],"class_list":["post-2498","post","type-post","status-publish","format-standard","has-post-thumbnail","hentry","category-inicio"],"_links":{"self":[{"href":"https:\/\/amanecerhuasteco.com\/portal\/wp-json\/wp\/v2\/posts\/2498","targetHints":{"allow":["GET"]}}],"collection":[{"href":"https:\/\/amanecerhuasteco.com\/portal\/wp-json\/wp\/v2\/posts"}],"about":[{"href":"https:\/\/amanecerhuasteco.com\/portal\/wp-json\/wp\/v2\/types\/post"}],"author":[{"embeddable":true,"href":"https:\/\/amanecerhuasteco.com\/portal\/wp-json\/wp\/v2\/users\/1"}],"replies":[{"embeddable":true,"href":"https:\/\/amanecerhuasteco.com\/portal\/wp-json\/wp\/v2\/comments?post=2498"}],"version-history":[{"count":0,"href":"https:\/\/amanecerhuasteco.com\/portal\/wp-json\/wp\/v2\/posts\/2498\/revisions"}],"wp:featuredmedia":[{"embeddable":true,"href":"https:\/\/amanecerhuasteco.com\/portal\/wp-json\/wp\/v2\/media\/2497"}],"wp:attachment":[{"href":"https:\/\/amanecerhuasteco.com\/portal\/wp-json\/wp\/v2\/media?parent=2498"}],"wp:term":[{"taxonomy":"category","embeddable":true,"href":"https:\/\/amanecerhuasteco.com\/portal\/wp-json\/wp\/v2\/categories?post=2498"},{"taxonomy":"post_tag","embeddable":true,"href":"https:\/\/amanecerhuasteco.com\/portal\/wp-json\/wp\/v2\/tags?post=2498"}],"curies":[{"name":"wp","href":"https:\/\/api.w.org\/{rel}","templated":true}]}}