{"id":2499,"date":"2012-12-06T15:14:37","date_gmt":"2012-12-06T21:14:37","guid":{"rendered":"http:\/\/amanecerhuasteco.com\/portal\/2012\/12\/06\/personal-de-proteccion-civil-recibira-capacitacion-sobre-el-manejo-de-pirotecnia\/"},"modified":"2012-12-06T15:14:37","modified_gmt":"2012-12-06T21:14:37","slug":"personal-de-proteccion-civil-recibira-capacitacion-sobre-el-manejo-de-pirotecnia","status":"publish","type":"post","link":"https:\/\/amanecerhuasteco.com\/portal\/personal-de-proteccion-civil-recibira-capacitacion-sobre-el-manejo-de-pirotecnia\/","title":{"rendered":"PERSONAL DE PROTECCION CIVIL RECIBIRA CAPACITACION  SOBRE EL MANEJO DE PIROTECNIA"},"content":{"rendered":"<div style=\"text-align: justify\"><strong>&#8211;\u00a0En San Luis Capital, este 5,6, y 7 de diciembre\u00a0<\/strong><\/div>\n<div style=\"text-align: justify\">Ciudad Valles 6\/12\/12.- El Director de Protecci\u00f3n Civil Municipal, Antonio Guerrero Rinc\u00f3n, dio a conocer que 3 elementos de la Unidad a su cargo partieron la ma\u00f1ana de este mi\u00e9rcoles a la capital del estado \u00a0en donde participar\u00e1n este 5,6 y 7 de diciembre en el \u00a0Curso sobre Medidas \u00a0de Protecci\u00f3n en Pirotecnia.<\/div>\n<div style=\"text-align: justify\"><\/div>\n<div style=\"text-align: justify\">Inform\u00f3 que \u00a0est\u00e1 actividad se llevar\u00e1 a cabo \u00a0en el Centro \u00a0de Capacitaci\u00f3n e Investigaci\u00f3n \u00a0y Operaciones de la Unidad de Protecci\u00f3n Civil en el Estado, que est\u00e1 a cargo de Gerardo Cabrera Olivo y a ella acuden el Subdirector de esa corporaci\u00f3n Jorge Alberto L\u00e1rraga Ocejo, el Coordinador Jos\u00e9 Guadalupe D\u00edaz de Le\u00f3n y el Auxiliar Arturo Gonz\u00e1lez G\u00f3mez, quienes adem\u00e1s a su regreso compartir\u00e1n la informaci\u00f3n con sus compa\u00f1eros.<\/div>\n<div style=\"text-align: justify\"><\/div>\n<div style=\"text-align: justify\">Guerrero Rinc\u00f3n mencion\u00f3 que los elementos antes mencionados \u00a0se actualizar\u00e1n y conocer\u00e1n las t\u00e9cnicas m\u00e1s actualizadas en el reglamento y manejo de la pirotecnia, que sobre todo en estas fechas tiene mayor demanda por parte de la ciudadan\u00eda, para as\u00ed con ello prevenir posibles accidentes, y en caso de que \u00e9stos se susciten, saber c\u00f3mo actuar con inmediatez para evitar consecuencias mayores.<\/div>\n","protected":false},"excerpt":{"rendered":"<p>&#8211;\u00a0En San Luis Capital, este 5,6, y 7 de diciembre\u00a0 Ciudad Valles 6\/12\/12.- El Director de Protecci\u00f3n Civil Municipal, Antonio Guerrero Rinc\u00f3n, dio a conocer que 3 elementos de la Unidad a su cargo partieron la ma\u00f1ana de este mi\u00e9rcoles a la capital del estado &hellip; <\/p>\n","protected":false},"author":1,"featured_media":17874,"comment_status":"open","ping_status":"open","sticky":false,"template":"","format":"standard","meta":{"footnotes":""},"categories":[7],"tags":[],"class_list":["post-2499","post","type-post","status-publish","format-standard","has-post-thumbnail","hentry","category-ciudad"],"_links":{"self":[{"href":"https:\/\/amanecerhuasteco.com\/portal\/wp-json\/wp\/v2\/posts\/2499","targetHints":{"allow":["GET"]}}],"collection":[{"href":"https:\/\/amanecerhuasteco.com\/portal\/wp-json\/wp\/v2\/posts"}],"about":[{"href":"https:\/\/amanecerhuasteco.com\/portal\/wp-json\/wp\/v2\/types\/post"}],"author":[{"embeddable":true,"href":"https:\/\/amanecerhuasteco.com\/portal\/wp-json\/wp\/v2\/users\/1"}],"replies":[{"embeddable":true,"href":"https:\/\/amanecerhuasteco.com\/portal\/wp-json\/wp\/v2\/comments?post=2499"}],"version-history":[{"count":0,"href":"https:\/\/amanecerhuasteco.com\/portal\/wp-json\/wp\/v2\/posts\/2499\/revisions"}],"wp:featuredmedia":[{"embeddable":true,"href":"https:\/\/amanecerhuasteco.com\/portal\/wp-json\/wp\/v2\/media\/17874"}],"wp:attachment":[{"href":"https:\/\/amanecerhuasteco.com\/portal\/wp-json\/wp\/v2\/media?parent=2499"}],"wp:term":[{"taxonomy":"category","embeddable":true,"href":"https:\/\/amanecerhuasteco.com\/portal\/wp-json\/wp\/v2\/categories?post=2499"},{"taxonomy":"post_tag","embeddable":true,"href":"https:\/\/amanecerhuasteco.com\/portal\/wp-json\/wp\/v2\/tags?post=2499"}],"curies":[{"name":"wp","href":"https:\/\/api.w.org\/{rel}","templated":true}]}}