{"id":2504,"date":"2012-12-10T20:41:55","date_gmt":"2012-12-11T02:41:55","guid":{"rendered":"http:\/\/amanecerhuasteco.com\/portal\/2012\/12\/10\/suspension-de-labores-en-el-ayuntamiento-el-miercoles-por-celebracion-a-la-virgen-de-guadalupe\/"},"modified":"2012-12-10T20:41:55","modified_gmt":"2012-12-11T02:41:55","slug":"suspension-de-labores-en-el-ayuntamiento-el-miercoles-por-celebracion-a-la-virgen-de-guadalupe","status":"publish","type":"post","link":"https:\/\/amanecerhuasteco.com\/portal\/suspension-de-labores-en-el-ayuntamiento-el-miercoles-por-celebracion-a-la-virgen-de-guadalupe\/","title":{"rendered":"SUSPENSI\u00d3N DE LABORES EN EL AYUNTAMIENTO EL MIERCOLES POR CELEBRACI\u00d3N A LA VIRGEN DE GUADALUPE"},"content":{"rendered":"<div style=\"text-align: justify\"><strong>&#8211; En cumplimiento al Contrato Colectivo de Trabajo<\/strong><\/div>\n<div style=\"text-align: justify\">Ciudad Valles 10\/12\/12.-El Director de Recursos Humanos, Lic. Ra\u00fal Hern\u00e1ndez Navarro inform\u00f3 que el pr\u00f3ximo mi\u00e9rcoles \u00a012 de Diciembre se suspender\u00e1n labores en el Ayuntamiento con motivo de la celebraci\u00f3n a la Virgen de Guadalupe, pero se implementar\u00e1n las guardias necesarias para mantener los servicios primordiales.<\/div>\n<div style=\"text-align: justify\">\u00a0 \u00a0 Destac\u00f3 que por instrucciones del Presidente Municipal, Juan Jos\u00e9 Ortiz Azuara y en cumplimiento a la Cl\u00e1usula 33 del Contrato Colectivo de Trabajo en vigencia, se suspender\u00e1n las labores el mi\u00e9rcoles, reanud\u00e1ndose el jueves 13 de Diciembre.<\/div>\n<div style=\"text-align: justify\">Dio a conocer que por la raz\u00f3n de Servicio, las \u00e1reas de Polic\u00eda \u00a0y Tr\u00e1nsito Municipal, Protecci\u00f3n Civil, Mercados, Rastro y Servicios de Limpieza, se implementar\u00e1n las guardias para mantener los servicios b\u00e1sicos para la poblaci\u00f3n, ya que no pueden suspenderse.<\/div>\n<div style=\"text-align: justify\">\u00a0 \u00a0 Puntualizo, \u00a0que en los diversos departamentos en los que surte efecto la suspensi\u00f3n de labores, se colocar\u00e1n los avisos respectivos, para que los ciudadanos que requieran de alg\u00fan tr\u00e1mite en sede del Ayuntamiento de Ciudad valles, acudan hasta el pr\u00f3ximo jueves 13 de Diciembre.<\/div>\n","protected":false},"excerpt":{"rendered":"<p>&#8211; En cumplimiento al Contrato Colectivo de Trabajo Ciudad Valles 10\/12\/12.-El Director de Recursos Humanos, Lic. Ra\u00fal Hern\u00e1ndez Navarro inform\u00f3 que el pr\u00f3ximo mi\u00e9rcoles \u00a012 de Diciembre se suspender\u00e1n labores en el Ayuntamiento con motivo de la celebraci\u00f3n a la Virgen de Guadalupe, pero se &hellip; <\/p>\n","protected":false},"author":1,"featured_media":17874,"comment_status":"open","ping_status":"open","sticky":false,"template":"","format":"standard","meta":{"footnotes":""},"categories":[7],"tags":[],"class_list":["post-2504","post","type-post","status-publish","format-standard","has-post-thumbnail","hentry","category-ciudad"],"_links":{"self":[{"href":"https:\/\/amanecerhuasteco.com\/portal\/wp-json\/wp\/v2\/posts\/2504","targetHints":{"allow":["GET"]}}],"collection":[{"href":"https:\/\/amanecerhuasteco.com\/portal\/wp-json\/wp\/v2\/posts"}],"about":[{"href":"https:\/\/amanecerhuasteco.com\/portal\/wp-json\/wp\/v2\/types\/post"}],"author":[{"embeddable":true,"href":"https:\/\/amanecerhuasteco.com\/portal\/wp-json\/wp\/v2\/users\/1"}],"replies":[{"embeddable":true,"href":"https:\/\/amanecerhuasteco.com\/portal\/wp-json\/wp\/v2\/comments?post=2504"}],"version-history":[{"count":0,"href":"https:\/\/amanecerhuasteco.com\/portal\/wp-json\/wp\/v2\/posts\/2504\/revisions"}],"wp:featuredmedia":[{"embeddable":true,"href":"https:\/\/amanecerhuasteco.com\/portal\/wp-json\/wp\/v2\/media\/17874"}],"wp:attachment":[{"href":"https:\/\/amanecerhuasteco.com\/portal\/wp-json\/wp\/v2\/media?parent=2504"}],"wp:term":[{"taxonomy":"category","embeddable":true,"href":"https:\/\/amanecerhuasteco.com\/portal\/wp-json\/wp\/v2\/categories?post=2504"},{"taxonomy":"post_tag","embeddable":true,"href":"https:\/\/amanecerhuasteco.com\/portal\/wp-json\/wp\/v2\/tags?post=2504"}],"curies":[{"name":"wp","href":"https:\/\/api.w.org\/{rel}","templated":true}]}}