{"id":2505,"date":"2012-12-10T21:38:16","date_gmt":"2012-12-11T03:38:16","guid":{"rendered":"http:\/\/amanecerhuasteco.com\/portal\/2012\/12\/10\/ninos-vallenses-sobresalen-en-concurso-nacional-de-dibujo\/"},"modified":"2012-12-10T21:38:16","modified_gmt":"2012-12-11T03:38:16","slug":"ninos-vallenses-sobresalen-en-concurso-nacional-de-dibujo","status":"publish","type":"post","link":"https:\/\/amanecerhuasteco.com\/portal\/ninos-vallenses-sobresalen-en-concurso-nacional-de-dibujo\/","title":{"rendered":"NI\u00d1OS VALLENSES SOBRESALEN  EN CONCURSO NACIONAL DE DIBUJO"},"content":{"rendered":"<div style=\"text-align: justify\"><strong>&#8211;\u00a0Obtuvieron el 1ro. y 3er. lugar<\/strong><\/div>\n<div style=\"text-align: justify\">La Coordinadora de Infancia y Familia del Sistema Municipal para el Desarrollo Integral de la Familia (SMDIF), Psic. Leidy Mar\u00eda Guti\u00e9rrez Castillo, asisti\u00f3 a la ciudad de San Luis Potos\u00ed en compa\u00f1\u00eda de los menores \u00a0Aviel Adri\u00e1n Rojas Hern\u00e1ndez y Miriam Mayveth Hern\u00e1ndez, quienes resultaron ganadores del 1o. y 3er lugar respectivamente, en el concurso nacional de dibujo con el tema \u00abEl trabajo no es cosa de ni\u00f1os\u00bb. \u00a0<\/div>\n<div style=\"text-align: justify\"><\/div>\n<div style=\"text-align: justify\">La Directora General del SMDIF, Cecilia Guinea Corres manifest\u00f3 que es un orgullo que dos alumnos de la Escuela \u00a0Primaria Francisco Gonz\u00e1lez Bocanegra, de Cd. Valles, hayan obtenido este reconocimiento y la oportunidad de asistir al Foro: \u00abErradiquemos el Trabajo Infantil\u00bb, auspiciado por el DIF Estatal y como parte de las acciones que se desarrollan en el municipio a trav\u00e9s de la Coordinaci\u00f3n de Infancia y Familia. \u00abTratar de desalentar y erradicar el trabajo de menores, es una de las vertientes de atenci\u00f3n que tenemos como instituci\u00f3n que vela por los derechos de las ni\u00f1as, ni\u00f1os y adolescentes\u00bb manifest\u00f3 la titular del organismo.<\/div>\n<div style=\"text-align: justify\"><\/div>\n<div style=\"text-align: justify\">Al evento celebrado en la capital del Estado, asisti\u00f3 tambi\u00e9n \u00a0el Profr. Jos\u00e9 Santiago P\u00e9rez, maestro del plantel en menci\u00f3n. Los premios de este concurso son una laptop para el primer lugar y un Ipod al tercer lugar.<\/div>\n","protected":false},"excerpt":{"rendered":"<p>&#8211;\u00a0Obtuvieron el 1ro. y 3er. lugar La Coordinadora de Infancia y Familia del Sistema Municipal para el Desarrollo Integral de la Familia (SMDIF), Psic. Leidy Mar\u00eda Guti\u00e9rrez Castillo, asisti\u00f3 a la ciudad de San Luis Potos\u00ed en compa\u00f1\u00eda de los menores \u00a0Aviel Adri\u00e1n Rojas Hern\u00e1ndez &hellip; <\/p>\n","protected":false},"author":1,"featured_media":17874,"comment_status":"open","ping_status":"open","sticky":false,"template":"","format":"standard","meta":{"footnotes":""},"categories":[7],"tags":[],"class_list":["post-2505","post","type-post","status-publish","format-standard","has-post-thumbnail","hentry","category-ciudad"],"_links":{"self":[{"href":"https:\/\/amanecerhuasteco.com\/portal\/wp-json\/wp\/v2\/posts\/2505","targetHints":{"allow":["GET"]}}],"collection":[{"href":"https:\/\/amanecerhuasteco.com\/portal\/wp-json\/wp\/v2\/posts"}],"about":[{"href":"https:\/\/amanecerhuasteco.com\/portal\/wp-json\/wp\/v2\/types\/post"}],"author":[{"embeddable":true,"href":"https:\/\/amanecerhuasteco.com\/portal\/wp-json\/wp\/v2\/users\/1"}],"replies":[{"embeddable":true,"href":"https:\/\/amanecerhuasteco.com\/portal\/wp-json\/wp\/v2\/comments?post=2505"}],"version-history":[{"count":0,"href":"https:\/\/amanecerhuasteco.com\/portal\/wp-json\/wp\/v2\/posts\/2505\/revisions"}],"wp:featuredmedia":[{"embeddable":true,"href":"https:\/\/amanecerhuasteco.com\/portal\/wp-json\/wp\/v2\/media\/17874"}],"wp:attachment":[{"href":"https:\/\/amanecerhuasteco.com\/portal\/wp-json\/wp\/v2\/media?parent=2505"}],"wp:term":[{"taxonomy":"category","embeddable":true,"href":"https:\/\/amanecerhuasteco.com\/portal\/wp-json\/wp\/v2\/categories?post=2505"},{"taxonomy":"post_tag","embeddable":true,"href":"https:\/\/amanecerhuasteco.com\/portal\/wp-json\/wp\/v2\/tags?post=2505"}],"curies":[{"name":"wp","href":"https:\/\/api.w.org\/{rel}","templated":true}]}}