{"id":2509,"date":"2012-12-11T17:29:22","date_gmt":"2012-12-11T23:29:22","guid":{"rendered":"http:\/\/amanecerhuasteco.com\/portal\/2012\/12\/11\/conforman-consejo-municipal-de-transporte-de-tamuin\/"},"modified":"2012-12-11T17:29:22","modified_gmt":"2012-12-11T23:29:22","slug":"conforman-consejo-municipal-de-transporte-de-tamuin","status":"publish","type":"post","link":"https:\/\/amanecerhuasteco.com\/portal\/conforman-consejo-municipal-de-transporte-de-tamuin\/","title":{"rendered":"Conforman Consejo Municipal de Transporte de Tamuin"},"content":{"rendered":"<div style=\"text-align: justify\">Tamuin 11\/12\/12.- El pasado 6 de diciembre quedo integrado el Consejo Municipal de Transporte cumpliendo con lo que marca la ley, donde participan los sectores representativos del municipio.<\/div>\n<div style=\"text-align: justify\">En el acto de integraci\u00f3n del consejo estuvieron presentes la primera regidora \u00a0 Elvira Hern\u00e1ndez de la Vega, en representaci\u00f3n del Presidente Municipal, el Santiago Ledezma Cano, el Ing. Fabi\u00e1n Zapata Ramos, S\u00edndico Municipal, \u00a0Claudio S\u00e1nchez Paz, Secretario T\u00e9cnico, Mar\u00eda Eugenia T\u00e9llez Rodr\u00edguez, Regidora con la comisi\u00f3n de Seguridad Publica y Transporte as\u00ed como \u00a0Margarito Manilla Garc\u00eda en representaci\u00f3n del Director General de Comunicaciones y Transportes.<\/div>\n<div style=\"text-align: justify\">\u00a0 \u00a0 \u00a0 \u00a0Se procedi\u00f3 a integrar el Consejo Municipal de Transporte quedando conformado de la Siguiente Manera: Presidente, Santiago Ledezma Cano, Presidente Municipal , Secretario T\u00e9cnico, Claudio S\u00e1nchez Paz, delegado de Comunicaciones y Transportes, Lic. Margarito Manilla Garc\u00eda, dicho Consejo est\u00e1 conformado por \u00a024 personas que representan diversas Instituciones, y Organizaciones de Transporte, quienes rindieron Protesta, comprometi\u00e9ndose a trabajar de una manera \u00a0 coordinada y para el bien del municipio.<\/div>\n<div style=\"text-align: justify\">Finalmente la primera regidora, \u00a0Elvira Hern\u00e1ndez de la Vega, expreso unas palabras en nombre del Presidente Municipal, agradeciendo la buena disposici\u00f3n de quienes conforman el Consejo, externo la confianza en que van a contribuir al buen desempe\u00f1o para brindar un servicio de calidad ya que son \u00a0atribuciones del Consejo participar en los procesos de planeaci\u00f3n, hacer propuestas para modificar rutas y paraderos, emitir opiniones que contribuyan a prestar un servicio eficiente, moderno y digno, a plena satisfacci\u00f3n de los usuarios, entre otras.<\/div>\n","protected":false},"excerpt":{"rendered":"<p>Tamuin 11\/12\/12.- El pasado 6 de diciembre quedo integrado el Consejo Municipal de Transporte cumpliendo con lo que marca la ley, donde participan los sectores representativos del municipio. En el acto de integraci\u00f3n del consejo estuvieron presentes la primera regidora \u00a0 Elvira Hern\u00e1ndez de la &hellip; <\/p>\n","protected":false},"author":1,"featured_media":17874,"comment_status":"open","ping_status":"open","sticky":false,"template":"","format":"standard","meta":{"footnotes":""},"categories":[20],"tags":[],"class_list":["post-2509","post","type-post","status-publish","format-standard","has-post-thumbnail","hentry","category-tamuin"],"_links":{"self":[{"href":"https:\/\/amanecerhuasteco.com\/portal\/wp-json\/wp\/v2\/posts\/2509","targetHints":{"allow":["GET"]}}],"collection":[{"href":"https:\/\/amanecerhuasteco.com\/portal\/wp-json\/wp\/v2\/posts"}],"about":[{"href":"https:\/\/amanecerhuasteco.com\/portal\/wp-json\/wp\/v2\/types\/post"}],"author":[{"embeddable":true,"href":"https:\/\/amanecerhuasteco.com\/portal\/wp-json\/wp\/v2\/users\/1"}],"replies":[{"embeddable":true,"href":"https:\/\/amanecerhuasteco.com\/portal\/wp-json\/wp\/v2\/comments?post=2509"}],"version-history":[{"count":0,"href":"https:\/\/amanecerhuasteco.com\/portal\/wp-json\/wp\/v2\/posts\/2509\/revisions"}],"wp:featuredmedia":[{"embeddable":true,"href":"https:\/\/amanecerhuasteco.com\/portal\/wp-json\/wp\/v2\/media\/17874"}],"wp:attachment":[{"href":"https:\/\/amanecerhuasteco.com\/portal\/wp-json\/wp\/v2\/media?parent=2509"}],"wp:term":[{"taxonomy":"category","embeddable":true,"href":"https:\/\/amanecerhuasteco.com\/portal\/wp-json\/wp\/v2\/categories?post=2509"},{"taxonomy":"post_tag","embeddable":true,"href":"https:\/\/amanecerhuasteco.com\/portal\/wp-json\/wp\/v2\/tags?post=2509"}],"curies":[{"name":"wp","href":"https:\/\/api.w.org\/{rel}","templated":true}]}}