{"id":2513,"date":"2012-12-11T17:31:03","date_gmt":"2012-12-11T23:31:03","guid":{"rendered":"http:\/\/amanecerhuasteco.com\/portal\/2012\/12\/11\/inicia-rehabilitacion-de-avenida-pas\/"},"modified":"2012-12-11T17:31:03","modified_gmt":"2012-12-11T23:31:03","slug":"inicia-rehabilitacion-de-avenida-pas","status":"publish","type":"post","link":"https:\/\/amanecerhuasteco.com\/portal\/inicia-rehabilitacion-de-avenida-pas\/","title":{"rendered":"INICIA REHABILITACION DE AVENIDA PAS"},"content":{"rendered":"<div style=\"text-align: justify\">Tamuin 11\/12\/12.- Para mejorar la imagen de la avenida principal de este municipio el ayuntamiento municipal dio inicio a las obras de rehabilitaci\u00f3n con recursos propios.<\/div>\n<div style=\"text-align: justify\">El presidente municipal Santiago Ledezma Cano, dio inicio los trabajos de rehabilitaci\u00f3n de la avenida principal del Municipio, la avenida Pedro Antonio Santos, la cual presentaba graves deterioros.<\/div>\n<div style=\"text-align: justify\">\u00a0 \u00a0 La Obra Consiste en Rehabilitaci\u00f3n y mantenimiento de pavimento, adem\u00e1s de cubrimiento de Bacheo, as\u00ed lo dio a conocer Leonel Enrique Arizavalo Gonz\u00e1lez director de obras p\u00fablicas.\u00a0<\/div>\n<div style=\"text-align: justify\">\u00a0 \u00a0 \u00a0 \u00a0Menciono que con estos trabajos que se realizan a la entrada de la Cabecera Municipal y que abarcaran toda la Avenida, se atiende la problem\u00e1tica que presenta esta importante arteria del Municipio.<\/div>\n<div style=\"text-align: justify\">De esta forma el Ayuntamiento municipal que encabeza Ledezma Cano, da respuesta a la poblaci\u00f3n del municipio que diariamente usan esta importante Avenida siento esta entrada y salida de la Cabecera Municipal.<\/div>\n","protected":false},"excerpt":{"rendered":"<p>Tamuin 11\/12\/12.- Para mejorar la imagen de la avenida principal de este municipio el ayuntamiento municipal dio inicio a las obras de rehabilitaci\u00f3n con recursos propios. El presidente municipal Santiago Ledezma Cano, dio inicio los trabajos de rehabilitaci\u00f3n de la avenida principal del Municipio, la &hellip; <\/p>\n","protected":false},"author":1,"featured_media":2512,"comment_status":"open","ping_status":"open","sticky":false,"template":"","format":"standard","meta":{"footnotes":""},"categories":[20],"tags":[],"class_list":["post-2513","post","type-post","status-publish","format-standard","has-post-thumbnail","hentry","category-tamuin"],"_links":{"self":[{"href":"https:\/\/amanecerhuasteco.com\/portal\/wp-json\/wp\/v2\/posts\/2513","targetHints":{"allow":["GET"]}}],"collection":[{"href":"https:\/\/amanecerhuasteco.com\/portal\/wp-json\/wp\/v2\/posts"}],"about":[{"href":"https:\/\/amanecerhuasteco.com\/portal\/wp-json\/wp\/v2\/types\/post"}],"author":[{"embeddable":true,"href":"https:\/\/amanecerhuasteco.com\/portal\/wp-json\/wp\/v2\/users\/1"}],"replies":[{"embeddable":true,"href":"https:\/\/amanecerhuasteco.com\/portal\/wp-json\/wp\/v2\/comments?post=2513"}],"version-history":[{"count":0,"href":"https:\/\/amanecerhuasteco.com\/portal\/wp-json\/wp\/v2\/posts\/2513\/revisions"}],"wp:featuredmedia":[{"embeddable":true,"href":"https:\/\/amanecerhuasteco.com\/portal\/wp-json\/wp\/v2\/media\/2512"}],"wp:attachment":[{"href":"https:\/\/amanecerhuasteco.com\/portal\/wp-json\/wp\/v2\/media?parent=2513"}],"wp:term":[{"taxonomy":"category","embeddable":true,"href":"https:\/\/amanecerhuasteco.com\/portal\/wp-json\/wp\/v2\/categories?post=2513"},{"taxonomy":"post_tag","embeddable":true,"href":"https:\/\/amanecerhuasteco.com\/portal\/wp-json\/wp\/v2\/tags?post=2513"}],"curies":[{"name":"wp","href":"https:\/\/api.w.org\/{rel}","templated":true}]}}