{"id":25133,"date":"2018-06-08T20:28:19","date_gmt":"2018-06-09T02:28:19","guid":{"rendered":"http:\/\/amanecerhuasteco.com\/portal\/?p=25133"},"modified":"2018-06-08T20:28:19","modified_gmt":"2018-06-09T02:28:19","slug":"institucionalidad-y-civilidad-politica-debe-prevalecer-en-la-recta-final-de-las-campanas-jmcl","status":"publish","type":"post","link":"https:\/\/amanecerhuasteco.com\/portal\/institucionalidad-y-civilidad-politica-debe-prevalecer-en-la-recta-final-de-las-campanas-jmcl\/","title":{"rendered":"Institucionalidad y civilidad pol\u00edtica debe prevalecer en la recta final de las campa\u00f1as. JMCL  \u00a0"},"content":{"rendered":"<p>&nbsp;<\/p>\n<ul>\n<li><strong>El Presidente de la Rep\u00fablica no es parte de la contienda electoral.<\/strong><\/li>\n<\/ul>\n<p>San Luis Potos\u00ed.- En entrevista con medios de comunicaci\u00f3n, el Gobernador del Estado de San Luis Potos\u00ed llam\u00f3 a fortalecer y respetar a las autoridades electorales e instituciones de la rep\u00fablica a fin de consolidar los procesos democr\u00e1ticos en curso. En ese sentido, manifest\u00f3 que el Presidente de la Rep\u00fablica no es parte de la contienda electoral.<\/p>\n<p>Hizo un llamado a todos los actores del actual proceso electoral, y a la ciudadan\u00eda en general, a desarrollar la \u00faltima fase de las elecciones en un marco de civilidad, entendimiento y mesura, con apego a la ley y respeto a las instituciones que har\u00e1n valer la voluntad de la sociedad.<\/p>\n<p>El mandatario estatal destac\u00f3 que \u201cdentro del clima electoral en todo el pa\u00eds, las familias potosinas y mexicanas depositamos nuestra confianza en todas las instituciones, las cuales han permitido construir un Estado de Derecho donde todas las expresiones de los ciudadanos son valiosas y escuchadas, porque est\u00e1n por encima de intereses particulares\u201d.<\/p>\n<p>Destac\u00f3 que el papel de los tres niveles de gobierno: federal, estatal y municipal, junto con las autoridades electorales estar\u00e1n apegadas al marco legal que nos rige, con la visi\u00f3n democr\u00e1tica y de respeto a la decisi\u00f3n de las mayor\u00edas.<\/p>\n","protected":false},"excerpt":{"rendered":"<p>&nbsp; El Presidente de la Rep\u00fablica no es parte de la contienda electoral. San Luis Potos\u00ed.- En entrevista con medios de comunicaci\u00f3n, el Gobernador del Estado de San Luis Potos\u00ed llam\u00f3 a fortalecer y respetar a las autoridades electorales e instituciones de la rep\u00fablica a &hellip; <\/p>\n","protected":false},"author":1,"featured_media":24689,"comment_status":"open","ping_status":"open","sticky":false,"template":"","format":"standard","meta":{"footnotes":""},"categories":[7,11,4,12,5],"tags":[],"class_list":["post-25133","post","type-post","status-publish","format-standard","has-post-thumbnail","hentry","category-ciudad","category-estado","category-inicio","category-nacional","category-politica"],"_links":{"self":[{"href":"https:\/\/amanecerhuasteco.com\/portal\/wp-json\/wp\/v2\/posts\/25133","targetHints":{"allow":["GET"]}}],"collection":[{"href":"https:\/\/amanecerhuasteco.com\/portal\/wp-json\/wp\/v2\/posts"}],"about":[{"href":"https:\/\/amanecerhuasteco.com\/portal\/wp-json\/wp\/v2\/types\/post"}],"author":[{"embeddable":true,"href":"https:\/\/amanecerhuasteco.com\/portal\/wp-json\/wp\/v2\/users\/1"}],"replies":[{"embeddable":true,"href":"https:\/\/amanecerhuasteco.com\/portal\/wp-json\/wp\/v2\/comments?post=25133"}],"version-history":[{"count":2,"href":"https:\/\/amanecerhuasteco.com\/portal\/wp-json\/wp\/v2\/posts\/25133\/revisions"}],"predecessor-version":[{"id":25135,"href":"https:\/\/amanecerhuasteco.com\/portal\/wp-json\/wp\/v2\/posts\/25133\/revisions\/25135"}],"wp:featuredmedia":[{"embeddable":true,"href":"https:\/\/amanecerhuasteco.com\/portal\/wp-json\/wp\/v2\/media\/24689"}],"wp:attachment":[{"href":"https:\/\/amanecerhuasteco.com\/portal\/wp-json\/wp\/v2\/media?parent=25133"}],"wp:term":[{"taxonomy":"category","embeddable":true,"href":"https:\/\/amanecerhuasteco.com\/portal\/wp-json\/wp\/v2\/categories?post=25133"},{"taxonomy":"post_tag","embeddable":true,"href":"https:\/\/amanecerhuasteco.com\/portal\/wp-json\/wp\/v2\/tags?post=25133"}],"curies":[{"name":"wp","href":"https:\/\/api.w.org\/{rel}","templated":true}]}}