{"id":25136,"date":"2018-06-08T21:52:21","date_gmt":"2018-06-09T03:52:21","guid":{"rendered":"http:\/\/amanecerhuasteco.com\/portal\/?p=25136"},"modified":"2018-06-08T21:52:21","modified_gmt":"2018-06-09T03:52:21","slug":"paco-limas-se-compromete-a-la-construccion-de-bordo-de-contencion-en-la-colonia-el-campo","status":"publish","type":"post","link":"https:\/\/amanecerhuasteco.com\/portal\/paco-limas-se-compromete-a-la-construccion-de-bordo-de-contencion-en-la-colonia-el-campo\/","title":{"rendered":"Paco Limas se compromete a la construcci\u00f3n de Bordo de Contenci\u00f3n en la Colonia El Campo"},"content":{"rendered":"<p>&nbsp;<\/p>\n<p>Tamu\u00edn.- En su segundo recorrido por colonias de la cabecera municipal, el candidato del PRI-PVEM a la Presidencia Municipal de Tamu\u00edn, Francisco Limas Rivera, dijo que es importante prevenir por ello se comprometi\u00f3 a la construcci\u00f3n del Bordo de Contenci\u00f3n para proteger las colonias populares.<\/p>\n<p>Destac\u00f3, que es importante la gesti\u00f3n de bordo de contenci\u00f3n para hacerlo realidad en el pr\u00f3ximo gobierno municipal, \u00a0ya que estar\u00eda protegiendo de inundaciones a las colonias El Campo, Las Brisas, Ampliaci\u00f3n Mirasol y Mirasol.<\/p>\n<p>Limas Rivera se comprometi\u00f3 \u00a0a pedir el apoyo a las instancias correspondientes para la construcci\u00f3n del bordo de contenci\u00f3n para evitar inundaciones en\u00a0 temporada de lluvias ya que estas colonia es de las m\u00e1s afectadas.<\/p>\n<p>El candidato, dijo que es importante acudir a votar el 1 de Julio para lograr el triunfo electoral del PRI-PVEM, porque se requiere adem\u00e1s de ese bordo de contenci\u00f3n, la construcci\u00f3n de una Planta Tratadora de Aguas Residuales.<\/p>\n<p>&nbsp;<\/p>\n<p>&#8212;<\/p>\n","protected":false},"excerpt":{"rendered":"<p>&nbsp; Tamu\u00edn.- En su segundo recorrido por colonias de la cabecera municipal, el candidato del PRI-PVEM a la Presidencia Municipal de Tamu\u00edn, Francisco Limas Rivera, dijo que es importante prevenir por ello se comprometi\u00f3 a la construcci\u00f3n del Bordo de Contenci\u00f3n para proteger las colonias &hellip; <\/p>\n","protected":false},"author":1,"featured_media":25137,"comment_status":"open","ping_status":"open","sticky":false,"template":"","format":"standard","meta":{"footnotes":""},"categories":[7,11,4,5,20],"tags":[],"class_list":["post-25136","post","type-post","status-publish","format-standard","has-post-thumbnail","hentry","category-ciudad","category-estado","category-inicio","category-politica","category-tamuin"],"_links":{"self":[{"href":"https:\/\/amanecerhuasteco.com\/portal\/wp-json\/wp\/v2\/posts\/25136","targetHints":{"allow":["GET"]}}],"collection":[{"href":"https:\/\/amanecerhuasteco.com\/portal\/wp-json\/wp\/v2\/posts"}],"about":[{"href":"https:\/\/amanecerhuasteco.com\/portal\/wp-json\/wp\/v2\/types\/post"}],"author":[{"embeddable":true,"href":"https:\/\/amanecerhuasteco.com\/portal\/wp-json\/wp\/v2\/users\/1"}],"replies":[{"embeddable":true,"href":"https:\/\/amanecerhuasteco.com\/portal\/wp-json\/wp\/v2\/comments?post=25136"}],"version-history":[{"count":1,"href":"https:\/\/amanecerhuasteco.com\/portal\/wp-json\/wp\/v2\/posts\/25136\/revisions"}],"predecessor-version":[{"id":25138,"href":"https:\/\/amanecerhuasteco.com\/portal\/wp-json\/wp\/v2\/posts\/25136\/revisions\/25138"}],"wp:featuredmedia":[{"embeddable":true,"href":"https:\/\/amanecerhuasteco.com\/portal\/wp-json\/wp\/v2\/media\/25137"}],"wp:attachment":[{"href":"https:\/\/amanecerhuasteco.com\/portal\/wp-json\/wp\/v2\/media?parent=25136"}],"wp:term":[{"taxonomy":"category","embeddable":true,"href":"https:\/\/amanecerhuasteco.com\/portal\/wp-json\/wp\/v2\/categories?post=25136"},{"taxonomy":"post_tag","embeddable":true,"href":"https:\/\/amanecerhuasteco.com\/portal\/wp-json\/wp\/v2\/tags?post=25136"}],"curies":[{"name":"wp","href":"https:\/\/api.w.org\/{rel}","templated":true}]}}