{"id":25140,"date":"2018-06-08T22:01:57","date_gmt":"2018-06-09T04:01:57","guid":{"rendered":"http:\/\/amanecerhuasteco.com\/portal\/?p=25140"},"modified":"2018-06-08T22:01:57","modified_gmt":"2018-06-09T04:01:57","slug":"mi-campana-es-de-proyectos-no-de-promesas-david-medina","status":"publish","type":"post","link":"https:\/\/amanecerhuasteco.com\/portal\/mi-campana-es-de-proyectos-no-de-promesas-david-medina\/","title":{"rendered":"Mi campa\u00f1a es de proyectos no de promesas: David Medina"},"content":{"rendered":"<p>&nbsp;<\/p>\n<p>San Luis Potos\u00ed.- Como una campa\u00f1a donde se est\u00e1n exponiendo proyectos reales y no solo promesas con buenas intenciones, calific\u00f3 David Armando Medina Salazar, candidato de la coalici\u00f3n Por San Luis Potos\u00ed Al Frente, los d\u00edas de proselitismo que se acercan a la recta final, de cara al pr\u00f3ximo 1 de julio, d\u00eda que dijo, los ciudadanos vallenses saldr\u00e1n a votar respaldando su persona.<\/p>\n<p>Durante su recorrido por las colonias Hidalgo y L\u00e1zaro C\u00e1rdenas, donde logr\u00f3 reunir cientos de personas, Medina Salazar reafirm\u00f3 su compromiso de proponer proyectos reales y que den un cambio a la ciudad, como es el caso de la habilitaci\u00f3n de una vez por todas del \u00e1rea del parque industrial; el embarcadero en la presa La Lajilla as\u00ed como la modernizaci\u00f3n de la Plaza Principal y malec\u00f3n.<\/p>\n<p>De estas tres iniciativas apunt\u00f3 ya se tienen los anteproyectos y a trav\u00e9s de una serie de animaciones se ha estado dando a conocer a los ciudadanos la propuestas, mismas que enfatiz\u00f3 no fueron sacadas al vapor, sino se trata de verdaderos proyectos viables y que involucran la inyecci\u00f3n de recurso tanto p\u00fablico como privado en alguno de los casos.<\/p>\n<p>Calific\u00f3 de lamentable que algunos candidatos le est\u00e9n apostando a verdaderas \u00abocurrencias\u00bb con tal de caer en el agrado de los ciudadanos; peor a\u00fan dijo, que contin\u00faen prometiendo solo d\u00e1divas que comprar\u00e1n con dinero p\u00fablico, lo que sustenta el se\u00f1alamiento de que ya est\u00e1n desesperados y preocupados, visualizando su derrota el d\u00eda de la elecci\u00f3n.<\/p>\n<p>&#8212;<\/p>\n","protected":false},"excerpt":{"rendered":"<p>&nbsp; San Luis Potos\u00ed.- Como una campa\u00f1a donde se est\u00e1n exponiendo proyectos reales y no solo promesas con buenas intenciones, calific\u00f3 David Armando Medina Salazar, candidato de la coalici\u00f3n Por San Luis Potos\u00ed Al Frente, los d\u00edas de proselitismo que se acercan a la recta &hellip; <\/p>\n","protected":false},"author":1,"featured_media":25141,"comment_status":"open","ping_status":"open","sticky":false,"template":"","format":"standard","meta":{"footnotes":""},"categories":[7,11,4,5],"tags":[],"class_list":["post-25140","post","type-post","status-publish","format-standard","has-post-thumbnail","hentry","category-ciudad","category-estado","category-inicio","category-politica"],"_links":{"self":[{"href":"https:\/\/amanecerhuasteco.com\/portal\/wp-json\/wp\/v2\/posts\/25140","targetHints":{"allow":["GET"]}}],"collection":[{"href":"https:\/\/amanecerhuasteco.com\/portal\/wp-json\/wp\/v2\/posts"}],"about":[{"href":"https:\/\/amanecerhuasteco.com\/portal\/wp-json\/wp\/v2\/types\/post"}],"author":[{"embeddable":true,"href":"https:\/\/amanecerhuasteco.com\/portal\/wp-json\/wp\/v2\/users\/1"}],"replies":[{"embeddable":true,"href":"https:\/\/amanecerhuasteco.com\/portal\/wp-json\/wp\/v2\/comments?post=25140"}],"version-history":[{"count":1,"href":"https:\/\/amanecerhuasteco.com\/portal\/wp-json\/wp\/v2\/posts\/25140\/revisions"}],"predecessor-version":[{"id":25142,"href":"https:\/\/amanecerhuasteco.com\/portal\/wp-json\/wp\/v2\/posts\/25140\/revisions\/25142"}],"wp:featuredmedia":[{"embeddable":true,"href":"https:\/\/amanecerhuasteco.com\/portal\/wp-json\/wp\/v2\/media\/25141"}],"wp:attachment":[{"href":"https:\/\/amanecerhuasteco.com\/portal\/wp-json\/wp\/v2\/media?parent=25140"}],"wp:term":[{"taxonomy":"category","embeddable":true,"href":"https:\/\/amanecerhuasteco.com\/portal\/wp-json\/wp\/v2\/categories?post=25140"},{"taxonomy":"post_tag","embeddable":true,"href":"https:\/\/amanecerhuasteco.com\/portal\/wp-json\/wp\/v2\/tags?post=25140"}],"curies":[{"name":"wp","href":"https:\/\/api.w.org\/{rel}","templated":true}]}}