{"id":25151,"date":"2018-06-10T07:19:08","date_gmt":"2018-06-10T13:19:08","guid":{"rendered":"http:\/\/amanecerhuasteco.com\/portal\/?p=25151"},"modified":"2018-06-10T07:19:08","modified_gmt":"2018-06-10T13:19:08","slug":"profesionalizan-a-promotores-y-gestores-culturales","status":"publish","type":"post","link":"https:\/\/amanecerhuasteco.com\/portal\/profesionalizan-a-promotores-y-gestores-culturales\/","title":{"rendered":"Profesionalizan a promotores y gestores culturales"},"content":{"rendered":"<p>&nbsp;<\/p>\n<p>San Luis Potos\u00ed.- El Gobierno del Estado arranc\u00f3 diversos programas al interior del estado, con el objetivo impulsar la promoci\u00f3n y gesti\u00f3n cultural, entre los que destacan el realizado en Aquism\u00f3n con el Diplomado de Profesionalizaci\u00f3n de mediadores de lectura en la Biblioteca del Centro Cultural, en el que participan 38 personas procedentes de varios puntos de la Huasteca Potosina.<\/p>\n<p>Estas acciones son resultado de la colaboraci\u00f3n entre la Secretar\u00eda de Cultura Federal, la Universidad Aut\u00f3noma Metropolitana y el Gobierno del Estado a trav\u00e9s de la Secretar\u00eda de Cultura y forman parte del Programa Nacional de Fomento a la Lectura en el pa\u00eds.<\/p>\n<p>Adem\u00e1s, se inaugur\u00f3 un\u00a0Paralibros\u00a0en el centro de Rioverde, frente a la Iglesia de este lugar, que ser\u00e1 administrado por Iliana Yanira Quir\u00f3z, mediadora de salas de lectura, con apoyo del titular de la Direcci\u00f3n de Cultura y Turismo del Ayuntamiento, as\u00ed como del p\u00e1rroco Juan Carlos Carrera, en beneficio de habitantes de la Zona Media y visitantes.<\/p>\n<p>En la Zona Altiplano, en Real de Catorce, se instal\u00f3 otro\u00a0Paralibros\u00a0en la plaza principal, que ser\u00e1 administrado por personal del Centro Cultural de Real de Catorce.<\/p>\n<p>Adem\u00e1s, en el municipio de Matehuala se est\u00e1 realizando un Seminario de Administraci\u00f3n de Espacios Culturales con el objetivo de adquirir las herramientas necesarias para un mejor aporte\u00a0\u00a0al desarrollo cultural de la regi\u00f3n.<\/p>\n","protected":false},"excerpt":{"rendered":"<p>&nbsp; San Luis Potos\u00ed.- El Gobierno del Estado arranc\u00f3 diversos programas al interior del estado, con el objetivo impulsar la promoci\u00f3n y gesti\u00f3n cultural, entre los que destacan el realizado en Aquism\u00f3n con el Diplomado de Profesionalizaci\u00f3n de mediadores de lectura en la Biblioteca del &hellip; <\/p>\n","protected":false},"author":1,"featured_media":25152,"comment_status":"open","ping_status":"open","sticky":false,"template":"","format":"standard","meta":{"footnotes":""},"categories":[7,11,4,5],"tags":[],"class_list":["post-25151","post","type-post","status-publish","format-standard","has-post-thumbnail","hentry","category-ciudad","category-estado","category-inicio","category-politica"],"_links":{"self":[{"href":"https:\/\/amanecerhuasteco.com\/portal\/wp-json\/wp\/v2\/posts\/25151","targetHints":{"allow":["GET"]}}],"collection":[{"href":"https:\/\/amanecerhuasteco.com\/portal\/wp-json\/wp\/v2\/posts"}],"about":[{"href":"https:\/\/amanecerhuasteco.com\/portal\/wp-json\/wp\/v2\/types\/post"}],"author":[{"embeddable":true,"href":"https:\/\/amanecerhuasteco.com\/portal\/wp-json\/wp\/v2\/users\/1"}],"replies":[{"embeddable":true,"href":"https:\/\/amanecerhuasteco.com\/portal\/wp-json\/wp\/v2\/comments?post=25151"}],"version-history":[{"count":1,"href":"https:\/\/amanecerhuasteco.com\/portal\/wp-json\/wp\/v2\/posts\/25151\/revisions"}],"predecessor-version":[{"id":25153,"href":"https:\/\/amanecerhuasteco.com\/portal\/wp-json\/wp\/v2\/posts\/25151\/revisions\/25153"}],"wp:featuredmedia":[{"embeddable":true,"href":"https:\/\/amanecerhuasteco.com\/portal\/wp-json\/wp\/v2\/media\/25152"}],"wp:attachment":[{"href":"https:\/\/amanecerhuasteco.com\/portal\/wp-json\/wp\/v2\/media?parent=25151"}],"wp:term":[{"taxonomy":"category","embeddable":true,"href":"https:\/\/amanecerhuasteco.com\/portal\/wp-json\/wp\/v2\/categories?post=25151"},{"taxonomy":"post_tag","embeddable":true,"href":"https:\/\/amanecerhuasteco.com\/portal\/wp-json\/wp\/v2\/tags?post=25151"}],"curies":[{"name":"wp","href":"https:\/\/api.w.org\/{rel}","templated":true}]}}