{"id":25162,"date":"2018-06-10T07:52:38","date_gmt":"2018-06-10T13:52:38","guid":{"rendered":"http:\/\/amanecerhuasteco.com\/portal\/?p=25162"},"modified":"2018-06-10T07:52:38","modified_gmt":"2018-06-10T13:52:38","slug":"aseguran-que-candidatos-dieron-la-espalda-a-la-ciudadania-al-no-participar-en-foro","status":"publish","type":"post","link":"https:\/\/amanecerhuasteco.com\/portal\/aseguran-que-candidatos-dieron-la-espalda-a-la-ciudadania-al-no-participar-en-foro\/","title":{"rendered":"Aseguran que candidatos dieron la espalda a la ciudadan\u00eda al no participar en foro"},"content":{"rendered":"<p>&nbsp;<\/p>\n<p>Ciudad Valles.- Los promotores del foro \u201c10xValles\u201d\u00a0 exigen una explicaci\u00f3n p\u00fablica a los candidatos Marco Antonio Conde de la coalici\u00f3n \u00abJuntos haremos historia\u00bb y\u00a0 David Armando Medina de la coalici\u00f3n PAN-PRD y MC tras su ausencia al foro para exponer sus propuestas en el rubro de educaci\u00f3n.<\/p>\n<p>\u00abLa sociedad civil lamenta la declinaci\u00f3n de los candidatos Marco Antonio Conde y David Armando Medina Salazar a participar en un foro ciudadano equitativo e incluyente\u00bb, afirmaron en un comunicado.<\/p>\n<p>Tambi\u00e9n dijeron que el no asistir al foro, en donde hab\u00edan confirmado su participaci\u00f3n, es dar la espalda a la ciudadan\u00eda, \u00ababre aun m\u00e1s el espectro de la especulaci\u00f3n y la falta de propuesta es evidente\u00bb.<\/p>\n<p>Adem\u00e1s de exigir una explicaci\u00f3n p\u00fablica por su ausencia, piden que se entregue por escrito sus respuestas al colectivo ciudadano y criticaron la falta de seriedad y compromiso de ambas plataformas pol\u00edticas.<\/p>\n<p>\u00abEscudarse tras el simbolismo est\u00e9ril que representan, nos muestran candidaturas d\u00e9biles que no abonan a la exposici\u00f3n de ideas\u00bb, expresaron.<\/p>\n<p>Al foro denominado \u00ab10xValles\u00bb solo asisti\u00f3 el candidato independiente Adri\u00e1n Esper C\u00e1rdenas, los otros candidatos cancelaron de \u00faltimo minutos su participaci\u00f3n.<\/p>\n<p>Despu\u00e9s del desarrollo del foro en redes sociales se difunden versiones en donde descalifican el ejercicio democr\u00e1tico, afirmado que fue dise\u00f1ado para favorecer al candidato independiente, \u00abante las injurias lanzadas por personas ocultas en el anonimato, reconocemos el sello hist\u00f3rico de estancamiento en que se encuentra nuestra ciudad\u00bb, denunciaron.<\/p>\n<p>El foro \u201c10xValles\u201d y es avalado por la OSC Mexicanos Primero y se trat\u00f3 de una r\u00e9plica del formato nacional denominado \u201c10xLaEducaci\u00f3n\u201d . El foro de hoy en Ciudad Valles fue respaldado por entes como el CEEPAC y la CEDH.<\/p>\n<p>&#8212;<\/p>\n","protected":false},"excerpt":{"rendered":"<p>&nbsp; Ciudad Valles.- Los promotores del foro \u201c10xValles\u201d\u00a0 exigen una explicaci\u00f3n p\u00fablica a los candidatos Marco Antonio Conde de la coalici\u00f3n \u00abJuntos haremos historia\u00bb y\u00a0 David Armando Medina de la coalici\u00f3n PAN-PRD y MC tras su ausencia al foro para exponer sus propuestas en el &hellip; <\/p>\n","protected":false},"author":1,"featured_media":25163,"comment_status":"open","ping_status":"open","sticky":false,"template":"","format":"standard","meta":{"footnotes":""},"categories":[7,11,4,5],"tags":[],"class_list":["post-25162","post","type-post","status-publish","format-standard","has-post-thumbnail","hentry","category-ciudad","category-estado","category-inicio","category-politica"],"_links":{"self":[{"href":"https:\/\/amanecerhuasteco.com\/portal\/wp-json\/wp\/v2\/posts\/25162","targetHints":{"allow":["GET"]}}],"collection":[{"href":"https:\/\/amanecerhuasteco.com\/portal\/wp-json\/wp\/v2\/posts"}],"about":[{"href":"https:\/\/amanecerhuasteco.com\/portal\/wp-json\/wp\/v2\/types\/post"}],"author":[{"embeddable":true,"href":"https:\/\/amanecerhuasteco.com\/portal\/wp-json\/wp\/v2\/users\/1"}],"replies":[{"embeddable":true,"href":"https:\/\/amanecerhuasteco.com\/portal\/wp-json\/wp\/v2\/comments?post=25162"}],"version-history":[{"count":2,"href":"https:\/\/amanecerhuasteco.com\/portal\/wp-json\/wp\/v2\/posts\/25162\/revisions"}],"predecessor-version":[{"id":25165,"href":"https:\/\/amanecerhuasteco.com\/portal\/wp-json\/wp\/v2\/posts\/25162\/revisions\/25165"}],"wp:featuredmedia":[{"embeddable":true,"href":"https:\/\/amanecerhuasteco.com\/portal\/wp-json\/wp\/v2\/media\/25163"}],"wp:attachment":[{"href":"https:\/\/amanecerhuasteco.com\/portal\/wp-json\/wp\/v2\/media?parent=25162"}],"wp:term":[{"taxonomy":"category","embeddable":true,"href":"https:\/\/amanecerhuasteco.com\/portal\/wp-json\/wp\/v2\/categories?post=25162"},{"taxonomy":"post_tag","embeddable":true,"href":"https:\/\/amanecerhuasteco.com\/portal\/wp-json\/wp\/v2\/tags?post=25162"}],"curies":[{"name":"wp","href":"https:\/\/api.w.org\/{rel}","templated":true}]}}