{"id":2522,"date":"2012-12-14T17:50:38","date_gmt":"2012-12-14T23:50:38","guid":{"rendered":"http:\/\/amanecerhuasteco.com\/portal\/2012\/12\/14\/cinco-objetivos-para-reactivar-el-campo\/"},"modified":"2012-12-14T17:50:38","modified_gmt":"2012-12-14T23:50:38","slug":"cinco-objetivos-para-reactivar-el-campo","status":"publish","type":"post","link":"https:\/\/amanecerhuasteco.com\/portal\/cinco-objetivos-para-reactivar-el-campo\/","title":{"rendered":"CINCO OBJETIVOS PARA REACTIVAR EL CAMPO"},"content":{"rendered":"<div style=\"text-align: justify\"><\/div>\n<div style=\"text-align: justify\">M\u00e8xico D.F. 12\/12\/12.-Esta ma\u00f1ana, el Presidente Enrique Pe\u00f1a Nieto, anunci\u00f3 que el Gobierno de la Rep\u00fablica implementar\u00e1 una pol\u00edtica de Estado de largo plazo que incluya a gobiernos, centros de investigaci\u00f3n, organizaciones campesinas, productores y comercializadores para reactivar el campo a partir de 5 objetivos:<\/div>\n<div style=\"text-align: justify\">1. Alcanzar un Campo justo que, con buenos servicios de salud y pensi\u00f3n para sus adultos mayores, garantice a todos los mexicanos un piso b\u00e1sico de protecci\u00f3n ante enfermedades, accidentes y la vejez.<\/div>\n<div style=\"text-align: justify\">2. Lograr un Campo productivo en el que se generen empleos locales y se eleven los ingresos de la poblaci\u00f3n rural.<\/div>\n<div style=\"text-align: justify\">3. Consolidar un Campo rentable en el que el sector agroalimentario se vuelva m\u00e1s eficiente y competitivo, articulando cada eslab\u00f3n de las cadenas productivas de valor.<\/div>\n<div style=\"text-align: justify\">4. Afianzar un Campo sustentable en el que los rendimientos de las cosechas no se incrementen a costa de la destrucci\u00f3n de los suelos, bosques y selvas, sino a trav\u00e9s de la innovaci\u00f3n cient\u00edfica, tecnol\u00f3gica y organizativa, y<\/div>\n<div style=\"text-align: justify\">5. Garantizar la seguridad alimentaria de la poblaci\u00f3n, que adem\u00e1s de ser un requerimiento b\u00e1sico para el bienestar de los mexicanos, es tambi\u00e9n una condici\u00f3n fundamental para la soberan\u00eda y la estabilidad social y pol\u00edtica del pa\u00eds.<\/div>\n<div style=\"text-align: justify\">El Presidente de la Rep\u00fablica asegur\u00f3 que es tiempo de concurrencia, de responsabilidad y de transformaci\u00f3n hacia un M\u00e9xico incluyente, transformaci\u00f3n que permita que los productos del campo sean motores del crecimiento econ\u00f3mico.<\/div>\n","protected":false},"excerpt":{"rendered":"<p>M\u00e8xico D.F. 12\/12\/12.-Esta ma\u00f1ana, el Presidente Enrique Pe\u00f1a Nieto, anunci\u00f3 que el Gobierno de la Rep\u00fablica implementar\u00e1 una pol\u00edtica de Estado de largo plazo que incluya a gobiernos, centros de investigaci\u00f3n, organizaciones campesinas, productores y comercializadores para reactivar el campo a partir de 5 objetivos: &hellip; <\/p>\n","protected":false},"author":1,"featured_media":2521,"comment_status":"open","ping_status":"open","sticky":false,"template":"","format":"standard","meta":{"footnotes":""},"categories":[4],"tags":[],"class_list":["post-2522","post","type-post","status-publish","format-standard","has-post-thumbnail","hentry","category-inicio"],"_links":{"self":[{"href":"https:\/\/amanecerhuasteco.com\/portal\/wp-json\/wp\/v2\/posts\/2522","targetHints":{"allow":["GET"]}}],"collection":[{"href":"https:\/\/amanecerhuasteco.com\/portal\/wp-json\/wp\/v2\/posts"}],"about":[{"href":"https:\/\/amanecerhuasteco.com\/portal\/wp-json\/wp\/v2\/types\/post"}],"author":[{"embeddable":true,"href":"https:\/\/amanecerhuasteco.com\/portal\/wp-json\/wp\/v2\/users\/1"}],"replies":[{"embeddable":true,"href":"https:\/\/amanecerhuasteco.com\/portal\/wp-json\/wp\/v2\/comments?post=2522"}],"version-history":[{"count":0,"href":"https:\/\/amanecerhuasteco.com\/portal\/wp-json\/wp\/v2\/posts\/2522\/revisions"}],"wp:featuredmedia":[{"embeddable":true,"href":"https:\/\/amanecerhuasteco.com\/portal\/wp-json\/wp\/v2\/media\/2521"}],"wp:attachment":[{"href":"https:\/\/amanecerhuasteco.com\/portal\/wp-json\/wp\/v2\/media?parent=2522"}],"wp:term":[{"taxonomy":"category","embeddable":true,"href":"https:\/\/amanecerhuasteco.com\/portal\/wp-json\/wp\/v2\/categories?post=2522"},{"taxonomy":"post_tag","embeddable":true,"href":"https:\/\/amanecerhuasteco.com\/portal\/wp-json\/wp\/v2\/tags?post=2522"}],"curies":[{"name":"wp","href":"https:\/\/api.w.org\/{rel}","templated":true}]}}