{"id":2534,"date":"2012-12-18T00:14:30","date_gmt":"2012-12-18T06:14:30","guid":{"rendered":"http:\/\/amanecerhuasteco.com\/portal\/2012\/12\/18\/el-gobierno-del-estado-ha-enfrentado-de-manera-real-a-la-delincuencia-pri\/"},"modified":"2012-12-18T00:14:30","modified_gmt":"2012-12-18T06:14:30","slug":"el-gobierno-del-estado-ha-enfrentado-de-manera-real-a-la-delincuencia-pri","status":"publish","type":"post","link":"https:\/\/amanecerhuasteco.com\/portal\/el-gobierno-del-estado-ha-enfrentado-de-manera-real-a-la-delincuencia-pri\/","title":{"rendered":"El Gobierno del Estado ha enfrentado de manera real a la delincuencia: PRI"},"content":{"rendered":"<div style=\"text-align: justify\"><strong>\u2022\u00a0En el PRI reconocemos el valor del estado y lamentamos que la dirigencia del PRD levante la voz de manera sesgada: FPE.\u00a0<\/strong><\/div>\n<div style=\"text-align: justify\">El Presidente del Comit\u00e9 Directivo Estatal del PRI, Fernando P\u00e9rez Espinosa, \u00a0manifest\u00f3 que el Gobierno del Estado ha enfrentado de manera real a la delincuencia y agreg\u00f3 que respalda de manera decidida las acciones que se han emprendido para combatir la inseguridad.\u00a0<\/div>\n<div style=\"text-align: justify\">\u00a0<\/div>\n<div style=\"text-align: justify\">\u201cEn el PRI reconocemos el valor del estado en el combate a la delincuencia, y lamentamos que la dirigencia del PRD levante la voz de manera sesgada y cuando de ello buscan un beneficio pol\u00edtico\u201d.<\/div>\n<div style=\"text-align: justify\"><\/div>\n<div style=\"text-align: justify\">Agreg\u00f3 que parece que se les olvida que la violencia que afecta a nuestro estado no es privativa de San Luis Potos\u00ed y afecta a la gran parte de las entidades del pa\u00eds, originada en gran medida por la mala estrategia del pasado Gobierno Federal. \u201cNo vimos que el PRD mostrar\u00e1 ese mismo inter\u00e9s por la seguridad cuando gobernaban en el sexenio pasado estados como Zacatecas y Michoac\u00e1n que fueron seriamente afectados por la inseguridad\u201d, complet\u00f3.<\/div>\n<div style=\"text-align: justify\"><\/div>\n<div style=\"text-align: justify\">\u201cComo partido respaldamos las acciones que ha realizado el Gobierno Estatal que encabeza Fernando Toranzo y tambi\u00e9n estamos conscientes que una de las prioridades para el Gobierno Federal que encabeza, Enrique Pe\u00f1a Nieto, es resolver el problema de la inseguridad\u201d.<\/div>\n<div style=\"text-align: justify\"><\/div>\n<div style=\"text-align: justify\">Fernando P\u00e9rez Espinosa indic\u00f3 que M\u00e9xico enfrenta niveles serios de violencia, y el Gobierno Federal est\u00e1 buscando soluciones. \u201cComo ya lo dijo el Secretario de Gobernaci\u00f3n, Miguel \u00c1ngel Osorio Chong, el homicidio, la extorsi\u00f3n, el secuestro y el robo con violencia son los delitos que m\u00e1s lastiman a la sociedad mexicana y est\u00e1n trabajando en busca de soluciones\u201d.<\/div>\n<div style=\"text-align: justify\"><\/div>\n<div style=\"text-align: justify\">En el Comit\u00e9 Directivo Estatal del PRI, reiter\u00f3, estamos muy complacidos con la labor y la valent\u00eda con la cual el gobernador Fernando Toranzo Fern\u00e1ndez ha afrontado esta problem\u00e1tica.<\/div>\n<div style=\"text-align: justify\">&#8212;<\/div>\n<div style=\"text-align: justify\"><\/div>\n","protected":false},"excerpt":{"rendered":"<p>\u2022\u00a0En el PRI reconocemos el valor del estado y lamentamos que la dirigencia del PRD levante la voz de manera sesgada: FPE.\u00a0 El Presidente del Comit\u00e9 Directivo Estatal del PRI, Fernando P\u00e9rez Espinosa, \u00a0manifest\u00f3 que el Gobierno del Estado ha enfrentado de manera real a &hellip; <\/p>\n","protected":false},"author":1,"featured_media":17874,"comment_status":"open","ping_status":"open","sticky":false,"template":"","format":"standard","meta":{"footnotes":""},"categories":[4],"tags":[],"class_list":["post-2534","post","type-post","status-publish","format-standard","has-post-thumbnail","hentry","category-inicio"],"_links":{"self":[{"href":"https:\/\/amanecerhuasteco.com\/portal\/wp-json\/wp\/v2\/posts\/2534","targetHints":{"allow":["GET"]}}],"collection":[{"href":"https:\/\/amanecerhuasteco.com\/portal\/wp-json\/wp\/v2\/posts"}],"about":[{"href":"https:\/\/amanecerhuasteco.com\/portal\/wp-json\/wp\/v2\/types\/post"}],"author":[{"embeddable":true,"href":"https:\/\/amanecerhuasteco.com\/portal\/wp-json\/wp\/v2\/users\/1"}],"replies":[{"embeddable":true,"href":"https:\/\/amanecerhuasteco.com\/portal\/wp-json\/wp\/v2\/comments?post=2534"}],"version-history":[{"count":0,"href":"https:\/\/amanecerhuasteco.com\/portal\/wp-json\/wp\/v2\/posts\/2534\/revisions"}],"wp:featuredmedia":[{"embeddable":true,"href":"https:\/\/amanecerhuasteco.com\/portal\/wp-json\/wp\/v2\/media\/17874"}],"wp:attachment":[{"href":"https:\/\/amanecerhuasteco.com\/portal\/wp-json\/wp\/v2\/media?parent=2534"}],"wp:term":[{"taxonomy":"category","embeddable":true,"href":"https:\/\/amanecerhuasteco.com\/portal\/wp-json\/wp\/v2\/categories?post=2534"},{"taxonomy":"post_tag","embeddable":true,"href":"https:\/\/amanecerhuasteco.com\/portal\/wp-json\/wp\/v2\/tags?post=2534"}],"curies":[{"name":"wp","href":"https:\/\/api.w.org\/{rel}","templated":true}]}}