{"id":2536,"date":"2012-12-18T00:56:08","date_gmt":"2012-12-18T06:56:08","guid":{"rendered":"http:\/\/amanecerhuasteco.com\/portal\/2012\/12\/18\/todo-un-exito-en-evaluacion-de-talleres-de-la-casa-de-la-cultura\/"},"modified":"2012-12-18T00:56:08","modified_gmt":"2012-12-18T06:56:08","slug":"todo-un-exito-en-evaluacion-de-talleres-de-la-casa-de-la-cultura","status":"publish","type":"post","link":"https:\/\/amanecerhuasteco.com\/portal\/todo-un-exito-en-evaluacion-de-talleres-de-la-casa-de-la-cultura\/","title":{"rendered":"Todo un \u00e9xito en evaluaci\u00f3n de Talleres de la casa de la Cultura"},"content":{"rendered":"<div>\u00a0<\/div>\n<div>Tamuin S.L.P. 17\/12\/12.- Con la asistencia de cientos de familias que acudieron a presenciar el festival en la plaza de la amistad, en donde se llev\u00f3 a cabo la evaluaci\u00f3n de los talleres de la casa de la cultura.<\/div>\n<div>\u00a0 \u00a0 \u00a0En total se hizo la presentaci\u00f3n de m\u00e1s de 15 n\u00fameros \u00a0art\u00edsticos entre los cuales se resalta la participaci\u00f3n del grupo de Ballet, Danza Folcl\u00f3rica, Huapango, zumba, etc.\u00a0<\/div>\n<div>\u00a0 \u00a0 \u00a0 Al finalizar el evento de evaluaci\u00f3n el Alcalde Santiago Ledezma Cano felicito a los alumnos por sus excelentes participaciones, as\u00ed como a los profesores que est\u00e1n al frente d\u00eda con d\u00eda de estos grupos.<\/div>\n<div>\u00a0 \u00a0 \u00a0 \u00a0Finalmente el Director de Cultura y Turismo el profesor Antonio Cervantes Rodr\u00edguez, hizo extensa la invitaci\u00f3n para que m\u00e1s personas se inscriban en los Talleres de la Casa de la cultura.<\/div>\n<div><img decoding=\"async\" src=\"images\/stories\/-dic2012\/taller.jpg\" border=\"0\" alt=\"Todo un \u00e9xito en evaluaci\u00f3n de Talleres de la casa de la Cultura\" title=\"Todo un \u00e9xito en evaluaci\u00f3n de Talleres de la casa de la Cultura\" \/>\u00a0<\/div>\n","protected":false},"excerpt":{"rendered":"<p>\u00a0 Tamuin S.L.P. 17\/12\/12.- Con la asistencia de cientos de familias que acudieron a presenciar el festival en la plaza de la amistad, en donde se llev\u00f3 a cabo la evaluaci\u00f3n de los talleres de la casa de la cultura. \u00a0 \u00a0 \u00a0En total se &hellip; <\/p>\n","protected":false},"author":1,"featured_media":2535,"comment_status":"open","ping_status":"open","sticky":false,"template":"","format":"standard","meta":{"footnotes":""},"categories":[20],"tags":[],"class_list":["post-2536","post","type-post","status-publish","format-standard","has-post-thumbnail","hentry","category-tamuin"],"_links":{"self":[{"href":"https:\/\/amanecerhuasteco.com\/portal\/wp-json\/wp\/v2\/posts\/2536","targetHints":{"allow":["GET"]}}],"collection":[{"href":"https:\/\/amanecerhuasteco.com\/portal\/wp-json\/wp\/v2\/posts"}],"about":[{"href":"https:\/\/amanecerhuasteco.com\/portal\/wp-json\/wp\/v2\/types\/post"}],"author":[{"embeddable":true,"href":"https:\/\/amanecerhuasteco.com\/portal\/wp-json\/wp\/v2\/users\/1"}],"replies":[{"embeddable":true,"href":"https:\/\/amanecerhuasteco.com\/portal\/wp-json\/wp\/v2\/comments?post=2536"}],"version-history":[{"count":0,"href":"https:\/\/amanecerhuasteco.com\/portal\/wp-json\/wp\/v2\/posts\/2536\/revisions"}],"wp:featuredmedia":[{"embeddable":true,"href":"https:\/\/amanecerhuasteco.com\/portal\/wp-json\/wp\/v2\/media\/2535"}],"wp:attachment":[{"href":"https:\/\/amanecerhuasteco.com\/portal\/wp-json\/wp\/v2\/media?parent=2536"}],"wp:term":[{"taxonomy":"category","embeddable":true,"href":"https:\/\/amanecerhuasteco.com\/portal\/wp-json\/wp\/v2\/categories?post=2536"},{"taxonomy":"post_tag","embeddable":true,"href":"https:\/\/amanecerhuasteco.com\/portal\/wp-json\/wp\/v2\/tags?post=2536"}],"curies":[{"name":"wp","href":"https:\/\/api.w.org\/{rel}","templated":true}]}}