{"id":2542,"date":"2012-12-18T17:57:52","date_gmt":"2012-12-18T23:57:52","guid":{"rendered":"http:\/\/amanecerhuasteco.com\/portal\/2012\/12\/18\/integran-concejo-municipal-de-participacion-social-en-la-educacion\/"},"modified":"2012-12-18T17:57:52","modified_gmt":"2012-12-18T23:57:52","slug":"integran-concejo-municipal-de-participacion-social-en-la-educacion","status":"publish","type":"post","link":"https:\/\/amanecerhuasteco.com\/portal\/integran-concejo-municipal-de-participacion-social-en-la-educacion\/","title":{"rendered":"INTEGRAN CONCEJO MUNICIPAL DE PARTICIPACION SOCIAL EN LA EDUCACION"},"content":{"rendered":"<div style=\"text-align: justify\">\u00a0<\/div>\n<div style=\"text-align: justify\"><strong>&#8211;\u00a0Sesi\u00f3n \u00a0celebrada \u00a0en el Sal\u00f3n de Cabildo<\/strong><\/div>\n<div style=\"text-align: justify\">Ciudad Valles S.L.P. 18\/12\/12.- El Concejo Municipal de Participaci\u00f3n Social en la Educaci\u00f3n, qued\u00f3 integrado la tarde del martes luego de una sesi\u00f3n celebrada en el Sal\u00f3n de Cabildos \u201cRafael \u00a0Curiel Gallegos\u201d, \u00a0en presencia de \u00a0representantes de instituciones educativas, municipales; \u00a0conforme a los art\u00edculos que en la materia establece la Ley de Educaci\u00f3n del Estado de S.L.P.<\/div>\n<div style=\"text-align: justify\"><\/div>\n<div style=\"text-align: justify\">El Alcalde Juan Jos\u00e9 Ortiz Azuara, \u00a0funge como Presidente de este \u00f3rgano, debido a su investidura; el Vicepresidente del Concejo es el Regidor de la Comisi\u00f3n de Educaci\u00f3n, Profr. Humberto Garc\u00eda Rocha; como Coordinador se nombr\u00f3 al Profr. Juan Antonio Tovar Herrera, Director de Educaci\u00f3n; como Asesor \u00a0el Profr. Jos\u00e9 Federico Carranza, Jefe de la Unidad Regional de Servicios Educativos de la Huasteca Norte; as\u00ed como el Presidente de la Asociaci\u00f3n de Padres de Familia, Felipe Cu\u00e9llar Medina; la Profra. Edith G\u00f3mez Flores, Representante de la Secci\u00f3n 26 del SNTE y el mentor V\u00edctor Camacho Neri, Representante de la Secci\u00f3n 52 del SNTE, as\u00ed como 33 personas m\u00e1s, todas ellas representantes de los diferentes niveles y sectores educativos, as\u00ed como organismos inherentes a importante tema educativo.<\/div>\n<div style=\"text-align: justify\"><\/div>\n<div style=\"text-align: justify\">Una vez presentado cada uno de los integrantes del Concejo Municipal de Participaci\u00f3n Social en la Educaci\u00f3n, el Secretario del Ayuntamiento, Lic. Gilberto Almend\u00e1rez Mar\u00edn, quien presidi\u00f3 la reuni\u00f3n, tuvo a su cargo la toma de protesta de los presentes, as\u00ed como la exposici\u00f3n del funcionamiento y atribuciones de dicho concejo.<\/div>\n","protected":false},"excerpt":{"rendered":"<p>\u00a0 &#8211;\u00a0Sesi\u00f3n \u00a0celebrada \u00a0en el Sal\u00f3n de Cabildo Ciudad Valles S.L.P. 18\/12\/12.- El Concejo Municipal de Participaci\u00f3n Social en la Educaci\u00f3n, qued\u00f3 integrado la tarde del martes luego de una sesi\u00f3n celebrada en el Sal\u00f3n de Cabildos \u201cRafael \u00a0Curiel Gallegos\u201d, \u00a0en presencia de \u00a0representantes de &hellip; <\/p>\n","protected":false},"author":1,"featured_media":2541,"comment_status":"open","ping_status":"open","sticky":false,"template":"","format":"standard","meta":{"footnotes":""},"categories":[7],"tags":[],"class_list":["post-2542","post","type-post","status-publish","format-standard","has-post-thumbnail","hentry","category-ciudad"],"_links":{"self":[{"href":"https:\/\/amanecerhuasteco.com\/portal\/wp-json\/wp\/v2\/posts\/2542","targetHints":{"allow":["GET"]}}],"collection":[{"href":"https:\/\/amanecerhuasteco.com\/portal\/wp-json\/wp\/v2\/posts"}],"about":[{"href":"https:\/\/amanecerhuasteco.com\/portal\/wp-json\/wp\/v2\/types\/post"}],"author":[{"embeddable":true,"href":"https:\/\/amanecerhuasteco.com\/portal\/wp-json\/wp\/v2\/users\/1"}],"replies":[{"embeddable":true,"href":"https:\/\/amanecerhuasteco.com\/portal\/wp-json\/wp\/v2\/comments?post=2542"}],"version-history":[{"count":0,"href":"https:\/\/amanecerhuasteco.com\/portal\/wp-json\/wp\/v2\/posts\/2542\/revisions"}],"wp:featuredmedia":[{"embeddable":true,"href":"https:\/\/amanecerhuasteco.com\/portal\/wp-json\/wp\/v2\/media\/2541"}],"wp:attachment":[{"href":"https:\/\/amanecerhuasteco.com\/portal\/wp-json\/wp\/v2\/media?parent=2542"}],"wp:term":[{"taxonomy":"category","embeddable":true,"href":"https:\/\/amanecerhuasteco.com\/portal\/wp-json\/wp\/v2\/categories?post=2542"},{"taxonomy":"post_tag","embeddable":true,"href":"https:\/\/amanecerhuasteco.com\/portal\/wp-json\/wp\/v2\/tags?post=2542"}],"curies":[{"name":"wp","href":"https:\/\/api.w.org\/{rel}","templated":true}]}}