{"id":2553,"date":"2012-12-20T17:50:11","date_gmt":"2012-12-20T23:50:11","guid":{"rendered":"http:\/\/amanecerhuasteco.com\/portal\/2012\/12\/20\/festival-navideno-presentaron-maestros-de-la-zona-escolar-128\/"},"modified":"2012-12-20T17:50:11","modified_gmt":"2012-12-20T23:50:11","slug":"festival-navideno-presentaron-maestros-de-la-zona-escolar-128","status":"publish","type":"post","link":"https:\/\/amanecerhuasteco.com\/portal\/festival-navideno-presentaron-maestros-de-la-zona-escolar-128\/","title":{"rendered":"Festival Navide\u00f1o presentaron Maestros de la Zona Escolar 128"},"content":{"rendered":"<div style=\"text-align: justify\"><\/div>\n<div style=\"text-align: justify\">Tamuin 19\/12\/12.- La delegaci\u00f3n D-1 202 de la zona escolar 128, del municipio de Tamuin llevo a cabo un festival Navide\u00f1o en el Teatro de la Plaza de la Amistad, este mi\u00e9rcoles 19 de diciembre, en donde Autoridades Municipales y Autoridades Educativas estuvieron presenciando dicho festival.<\/div>\n<div style=\"text-align: justify\">En el evento se llevaron a cabo las presentaciones de Obras de teatro musicales, alusivo a la navidad, en donde profesores y administrativos lucieron vestuarios navide\u00f1os, los planteles educativos que participaron en el festival son, la Escuela Primaria \u00c1lvaro Obreg\u00f3n, representando una pastorela, Escuela Primaria Ni\u00f1os H\u00e9roes, representando un bonito cantico navide\u00f1o, Escuela Venustiano Carranza, cantando villancicos, \u00a0Escuela Primaria Gabriel Leyva, representando una pastorela musical, as\u00ed como las Escuelas Manuel Jos\u00e9 Oth\u00f3n, Mariano Escobedo, Ignacio Zaragoza, \u00a0L\u00e1zaro C\u00e1rdenas, \u00c1lvaro Obreg\u00f3n y Escuela Primaria Melchor Ocampo.\u00a0<\/div>\n<div style=\"text-align: justify\">Todo esto con la finalidad de transmitir un mensaje de Paz y reflexi\u00f3n en las familias para que la sociedad piense durante m\u00e1s tiempo en los dem\u00e1s, y \u00a0 no en s\u00ed mismos.\u00a0<\/div>\n<div style=\"text-align: justify\">As\u00ed lo menciono \u00a0la Profa. Alba Juana Portilla, supervisora de la zona escolar quien al finalizar dicho festival dirigi\u00f3 un mensaje.<\/div>\n","protected":false},"excerpt":{"rendered":"<p>Tamuin 19\/12\/12.- La delegaci\u00f3n D-1 202 de la zona escolar 128, del municipio de Tamuin llevo a cabo un festival Navide\u00f1o en el Teatro de la Plaza de la Amistad, este mi\u00e9rcoles 19 de diciembre, en donde Autoridades Municipales y Autoridades Educativas estuvieron presenciando dicho &hellip; <\/p>\n","protected":false},"author":1,"featured_media":2552,"comment_status":"open","ping_status":"open","sticky":false,"template":"","format":"standard","meta":{"footnotes":""},"categories":[20],"tags":[],"class_list":["post-2553","post","type-post","status-publish","format-standard","has-post-thumbnail","hentry","category-tamuin"],"_links":{"self":[{"href":"https:\/\/amanecerhuasteco.com\/portal\/wp-json\/wp\/v2\/posts\/2553","targetHints":{"allow":["GET"]}}],"collection":[{"href":"https:\/\/amanecerhuasteco.com\/portal\/wp-json\/wp\/v2\/posts"}],"about":[{"href":"https:\/\/amanecerhuasteco.com\/portal\/wp-json\/wp\/v2\/types\/post"}],"author":[{"embeddable":true,"href":"https:\/\/amanecerhuasteco.com\/portal\/wp-json\/wp\/v2\/users\/1"}],"replies":[{"embeddable":true,"href":"https:\/\/amanecerhuasteco.com\/portal\/wp-json\/wp\/v2\/comments?post=2553"}],"version-history":[{"count":0,"href":"https:\/\/amanecerhuasteco.com\/portal\/wp-json\/wp\/v2\/posts\/2553\/revisions"}],"wp:featuredmedia":[{"embeddable":true,"href":"https:\/\/amanecerhuasteco.com\/portal\/wp-json\/wp\/v2\/media\/2552"}],"wp:attachment":[{"href":"https:\/\/amanecerhuasteco.com\/portal\/wp-json\/wp\/v2\/media?parent=2553"}],"wp:term":[{"taxonomy":"category","embeddable":true,"href":"https:\/\/amanecerhuasteco.com\/portal\/wp-json\/wp\/v2\/categories?post=2553"},{"taxonomy":"post_tag","embeddable":true,"href":"https:\/\/amanecerhuasteco.com\/portal\/wp-json\/wp\/v2\/tags?post=2553"}],"curies":[{"name":"wp","href":"https:\/\/api.w.org\/{rel}","templated":true}]}}