{"id":2555,"date":"2012-12-20T19:19:46","date_gmt":"2012-12-21T01:19:46","guid":{"rendered":"http:\/\/amanecerhuasteco.com\/portal\/2012\/12\/20\/insoportables-fetidos-olores-en-la-zona-centro-de-tamuin-denuncian-habitantes-del-lugar\/"},"modified":"2012-12-20T19:19:46","modified_gmt":"2012-12-21T01:19:46","slug":"insoportables-fetidos-olores-en-la-zona-centro-de-tamuin-denuncian-habitantes-del-lugar","status":"publish","type":"post","link":"https:\/\/amanecerhuasteco.com\/portal\/insoportables-fetidos-olores-en-la-zona-centro-de-tamuin-denuncian-habitantes-del-lugar\/","title":{"rendered":"INSOPORTABLES FETIDOS OLORES EN LA ZONA CENTRO DE TAMUIN DENUNCIAN HABITANTES DEL LUGAR"},"content":{"rendered":"<div style=\"text-align: justify\"><strong>-DAPAT pretende tapar la descarga o colocar un tubo hasta el r\u00edo<\/strong><\/div>\n<div style=\"text-align: justify\">Tamuin S.L.P. 20\/12\/12.- Habitantes de la zona centro de este municipio denunciaron p\u00fablicamente la emanaci\u00f3n de \u201cf\u00e9tidos olores\u201d de una descarga de drenaje abierta al aire libre que se encuentra junto al bordo sur.<\/div>\n<div style=\"text-align: justify\">\u00a0 \u00a0 \u00a0Mar\u00eda Elena Goldaracena de Nales, la familia Garc\u00eda, Montoya de la Vega entre otras que viven en las calles Hidalgo, Potos\u00ed y Ju\u00e1rez, demandaron a las autoridades municipales una soluci\u00f3n urgente por f\u00e9tidos \u00a0olores que est\u00e1n durante todo el d\u00eda y llegan hasta la Iglesia y Plaza Principal.<\/div>\n<div style=\"text-align: justify\">\u00a0 \u00a0 Los quejosos se\u00f1alaron que tienen meses con el problema pero ya es insoportable los malos olores, se pidi\u00f3 una soluci\u00f3n a los encargados de la Direcci\u00f3n de Agua Potable Alcantarillado de Tamuin, ya que se trata de una descarga de drenaje directa al r\u00edo, que estaba sin uso pero que desde hace unos meses a comenzado ha realizar descargas de aguas negras al r\u00edo Tampaon.<\/div>\n<div style=\"text-align: justify\">\u00a0 \u00a0 \u00a0 Sin embargo un funcionario de DAPAT llamado \u201cAlonso N.\u201d dijo a los afectados que la soluci\u00f3n es colocar un tubo de la descarga al aire libre que llegue hasta dentro del r\u00edo, \u00a0o tapar el tubo de descarga lo cual consideraron como una acci\u00f3n irresponsable del funcionario.<\/div>\n<div style=\"text-align: justify\">\u00a0 \u00a0 \u00a0 Indicaron que han pedido la intervenci\u00f3n del regidor de salud, pero no han tenido respuesta alguna, por lo que los vecinos afectados decidieron organizarse y presentar una denuncia ante Comisi\u00f3n Nacional de Derechos Humanos para que la CNA intervenga y se corrija el problema de contaminaci\u00f3n generado por el drenaje de Tamuin.<\/div>\n<div style=\"text-align: justify\">\u00a0 \u00a0 \u00a0 Por \u00faltimo, se\u00f1alaron que adem\u00e1s de esta descarga al r\u00edo de los drenajes de la ciudad, existe una mas en el Choyal, contaminando de manera directa las aguas del r\u00edo Tampaon.<\/div>\n<div style=\"text-align: justify\">\u00a0<\/div>\n<div style=\"text-align: justify\"><img decoding=\"async\" src=\"images\/stories\/-dic2012\/descarga.jpg\" border=\"0\" alt=\"INSOPORTABLES FETIDOS OLORES EN LA ZONA CENTRO DE TAMUIN DENUNCIAN HABITANTES DEL LUGAR\" title=\"INSOPORTABLES FETIDOS OLORES EN LA ZONA CENTRO DE TAMUIN DENUNCIAN HABITANTES DEL LUGAR\" \/>\u00a0<\/div>\n","protected":false},"excerpt":{"rendered":"<p>-DAPAT pretende tapar la descarga o colocar un tubo hasta el r\u00edo Tamuin S.L.P. 20\/12\/12.- Habitantes de la zona centro de este municipio denunciaron p\u00fablicamente la emanaci\u00f3n de \u201cf\u00e9tidos olores\u201d de una descarga de drenaje abierta al aire libre que se encuentra junto al bordo &hellip; <\/p>\n","protected":false},"author":1,"featured_media":2554,"comment_status":"open","ping_status":"open","sticky":false,"template":"","format":"standard","meta":{"footnotes":""},"categories":[4],"tags":[],"class_list":["post-2555","post","type-post","status-publish","format-standard","has-post-thumbnail","hentry","category-inicio"],"_links":{"self":[{"href":"https:\/\/amanecerhuasteco.com\/portal\/wp-json\/wp\/v2\/posts\/2555","targetHints":{"allow":["GET"]}}],"collection":[{"href":"https:\/\/amanecerhuasteco.com\/portal\/wp-json\/wp\/v2\/posts"}],"about":[{"href":"https:\/\/amanecerhuasteco.com\/portal\/wp-json\/wp\/v2\/types\/post"}],"author":[{"embeddable":true,"href":"https:\/\/amanecerhuasteco.com\/portal\/wp-json\/wp\/v2\/users\/1"}],"replies":[{"embeddable":true,"href":"https:\/\/amanecerhuasteco.com\/portal\/wp-json\/wp\/v2\/comments?post=2555"}],"version-history":[{"count":0,"href":"https:\/\/amanecerhuasteco.com\/portal\/wp-json\/wp\/v2\/posts\/2555\/revisions"}],"wp:featuredmedia":[{"embeddable":true,"href":"https:\/\/amanecerhuasteco.com\/portal\/wp-json\/wp\/v2\/media\/2554"}],"wp:attachment":[{"href":"https:\/\/amanecerhuasteco.com\/portal\/wp-json\/wp\/v2\/media?parent=2555"}],"wp:term":[{"taxonomy":"category","embeddable":true,"href":"https:\/\/amanecerhuasteco.com\/portal\/wp-json\/wp\/v2\/categories?post=2555"},{"taxonomy":"post_tag","embeddable":true,"href":"https:\/\/amanecerhuasteco.com\/portal\/wp-json\/wp\/v2\/tags?post=2555"}],"curies":[{"name":"wp","href":"https:\/\/api.w.org\/{rel}","templated":true}]}}