{"id":2563,"date":"2012-12-22T18:14:56","date_gmt":"2012-12-23T00:14:56","guid":{"rendered":"http:\/\/amanecerhuasteco.com\/portal\/2012\/12\/22\/alcalde-inaugura-oficinas-del-inmuvi\/"},"modified":"2012-12-22T18:14:56","modified_gmt":"2012-12-23T00:14:56","slug":"alcalde-inaugura-oficinas-del-inmuvi","status":"publish","type":"post","link":"https:\/\/amanecerhuasteco.com\/portal\/alcalde-inaugura-oficinas-del-inmuvi\/","title":{"rendered":"ALCALDE INAUGURA OFICINAS DEL INMUVI"},"content":{"rendered":"<div style=\"text-align: justify\">Ciudad Valles S.L.P. 21\/12\/12.- El Presidente Municipal, Juan Jos\u00e9 Ortiz Azuara Inaugur\u00f3 las oficinas del Instituto Municipal de la Vivienda que se \u00a0reubicaron en la calle Escontr\u00eda, entre Pedro Antonio Santos y Morelos.<\/div>\n<div style=\"text-align: justify\">\u00a0 INMUVI estar\u00e1 ha cargo de \u00a0Gustavo Posselt Acosta, el alcalde hizo un recorrido de las oficinas en las que se brinda ya atenci\u00f3n a quienes desean apegarse a \u00a0los programas que en materia de vivienda se aplican.<\/div>\n<div style=\"text-align: justify\">\u00a0 \u00a0 \u00a0 El Alcalde Vallense dijo que estas \u00a0oficinas y \u00a0 dijo que entre sus ventajas, est\u00e1 el ubicarse m\u00e1s cerca de la Presidencia Municipal, y con ello facilitar a las personas el que puedan llevar a cabo los tramites que requieran sin tener que subir a un segundo piso, adem\u00e1s de que es un lugar m\u00e1s adecuado con personal que estar\u00e1 en condiciones de prestar un mejor servicio.\u00a0<\/div>\n<div style=\"text-align: justify\">\u00a0 \u00a0 \u00a0Agreg\u00f3 que al tener un espacio adecuado existen \u00a0perspectivas de desarrollar mejores programas en beneficio de la ciudadan\u00eda, como los que se tienen en coordinaci\u00f3n con FONHAPO, TELEVISA, entre otras, con el fin de tratar de consolidar en el 2013 por lo menos 3 mil viviendas m\u00e1s para la zona rural y urbana del municipio, pero para familias que realmente las necesiten y que las habiten de inmediato.<\/div>\n<div style=\"text-align: justify\">Por \u00faltimo, dijo que actualmente se est\u00e1 en proceso de concluir la edificaci\u00f3n de 140 viviendas m\u00e1s en el fraccionamiento bicentenario, que se espera entregar a finales de enero.<\/div>\n","protected":false},"excerpt":{"rendered":"<p>Ciudad Valles S.L.P. 21\/12\/12.- El Presidente Municipal, Juan Jos\u00e9 Ortiz Azuara Inaugur\u00f3 las oficinas del Instituto Municipal de la Vivienda que se \u00a0reubicaron en la calle Escontr\u00eda, entre Pedro Antonio Santos y Morelos. \u00a0 INMUVI estar\u00e1 ha cargo de \u00a0Gustavo Posselt Acosta, el alcalde hizo &hellip; <\/p>\n","protected":false},"author":1,"featured_media":17874,"comment_status":"open","ping_status":"open","sticky":false,"template":"","format":"standard","meta":{"footnotes":""},"categories":[4],"tags":[],"class_list":["post-2563","post","type-post","status-publish","format-standard","has-post-thumbnail","hentry","category-inicio"],"_links":{"self":[{"href":"https:\/\/amanecerhuasteco.com\/portal\/wp-json\/wp\/v2\/posts\/2563","targetHints":{"allow":["GET"]}}],"collection":[{"href":"https:\/\/amanecerhuasteco.com\/portal\/wp-json\/wp\/v2\/posts"}],"about":[{"href":"https:\/\/amanecerhuasteco.com\/portal\/wp-json\/wp\/v2\/types\/post"}],"author":[{"embeddable":true,"href":"https:\/\/amanecerhuasteco.com\/portal\/wp-json\/wp\/v2\/users\/1"}],"replies":[{"embeddable":true,"href":"https:\/\/amanecerhuasteco.com\/portal\/wp-json\/wp\/v2\/comments?post=2563"}],"version-history":[{"count":0,"href":"https:\/\/amanecerhuasteco.com\/portal\/wp-json\/wp\/v2\/posts\/2563\/revisions"}],"wp:featuredmedia":[{"embeddable":true,"href":"https:\/\/amanecerhuasteco.com\/portal\/wp-json\/wp\/v2\/media\/17874"}],"wp:attachment":[{"href":"https:\/\/amanecerhuasteco.com\/portal\/wp-json\/wp\/v2\/media?parent=2563"}],"wp:term":[{"taxonomy":"category","embeddable":true,"href":"https:\/\/amanecerhuasteco.com\/portal\/wp-json\/wp\/v2\/categories?post=2563"},{"taxonomy":"post_tag","embeddable":true,"href":"https:\/\/amanecerhuasteco.com\/portal\/wp-json\/wp\/v2\/tags?post=2563"}],"curies":[{"name":"wp","href":"https:\/\/api.w.org\/{rel}","templated":true}]}}