{"id":2566,"date":"2012-12-27T14:47:09","date_gmt":"2012-12-27T20:47:09","guid":{"rendered":"http:\/\/amanecerhuasteco.com\/portal\/2012\/12\/27\/presentan-iniciativa-para-modificar-ley-electoral-y-organica-del-municipio\/"},"modified":"2012-12-27T14:47:09","modified_gmt":"2012-12-27T20:47:09","slug":"presentan-iniciativa-para-modificar-ley-electoral-y-organica-del-municipio","status":"publish","type":"post","link":"https:\/\/amanecerhuasteco.com\/portal\/presentan-iniciativa-para-modificar-ley-electoral-y-organica-del-municipio\/","title":{"rendered":"PRESENTAN INICIATIVA PARA MODIFICAR LEY ELECTORAL Y ORGANICA DEL MUNICIPIO"},"content":{"rendered":"<div style=\"text-align: justify\"><strong>-Pretende que el candidato a presidente municipal con la primera minor\u00eda sea \u201cregidor\u201d<\/strong><\/div>\n<div style=\"text-align: justify\">San Luis Potos\u00ed.- El legislador Alfonso D\u00edaz de Le\u00f3n Guill\u00e9n present\u00f3 una iniciativa de Decreto que propone modificar disposiciones de la Ley Electoral y Org\u00e1nica del Municipio Libre, de manera que el candidato a la presidencia municipal que obtuvo la primera minor\u00eda en la elecci\u00f3n, pueda acceder a una regidur\u00eda por el principio de representaci\u00f3n proporcional.\u00a0<\/div>\n<div style=\"text-align: justify\"><\/div>\n<div style=\"text-align: justify\">D\u00edaz de Le\u00f3n Guill\u00e9n expuso que es importante dotar estos espacios al candidato que durante su campa\u00f1a present\u00f3 propuestas a la ciudadan\u00eda e hizo diversos compromisos de apoyo a la comunidad, por lo cual ser\u00eda necesario reconocer el esfuerzo del candidato que por votaci\u00f3n obtenga el segundo lugar en las preferencias.\u00a0<\/div>\n<div style=\"text-align: justify\"><\/div>\n<div style=\"text-align: justify\">\u201cAs\u00ed pues, es importante que en la administraci\u00f3n municipal, base de toda organizaci\u00f3n pol\u00edtica y administrativa, se encuentren verdaderamente representadas las necesidades del pueblo en la mayor medida posible, pues los aspirantes recogen las inquietudes sociales y peticiones de manera distinta a trav\u00e9s de la campa\u00f1a\u201d.\u00a0<\/div>\n<div style=\"text-align: justify\"><\/div>\n<div style=\"text-align: justify\">El legislador propone tambi\u00e9n la obligaci\u00f3n de que, al igual que para regidores y s\u00edndicos, sea registrado con antelaci\u00f3n un suplente por cada candidato a presidente municipal.\u00a0<\/div>\n<div style=\"text-align: justify\"><\/div>\n<div style=\"text-align: justify\">\u201cDe esta manera, al configurarse el supuesto de que quien haya obtenido la primera minor\u00eda acceda a un puesto como edil, cumpla con el requisito legal de contar previamente con su respectivo sustituto\u201d.<\/div>\n<div style=\"text-align: justify\"><\/div>\n<div style=\"text-align: justify\">Record\u00f3 que la figura del Regidor cobra singular importancia, dado que en coordinaci\u00f3n con el presidente, tiene estrecha, permanente y directa relaci\u00f3n con los ciudadanos. Los ediles entonces, deben colaborar de forma activa y eficiente para lograr un desarrollo adecuado de la sociedad, y su entorno en todos los \u00e1mbitos: econ\u00f3mico, educativo, social, cultural, etc\u00e9tera.<\/div>\n","protected":false},"excerpt":{"rendered":"<p>-Pretende que el candidato a presidente municipal con la primera minor\u00eda sea \u201cregidor\u201d San Luis Potos\u00ed.- El legislador Alfonso D\u00edaz de Le\u00f3n Guill\u00e9n present\u00f3 una iniciativa de Decreto que propone modificar disposiciones de la Ley Electoral y Org\u00e1nica del Municipio Libre, de manera que el &hellip; <\/p>\n","protected":false},"author":1,"featured_media":17874,"comment_status":"open","ping_status":"open","sticky":false,"template":"","format":"standard","meta":{"footnotes":""},"categories":[11],"tags":[],"class_list":["post-2566","post","type-post","status-publish","format-standard","has-post-thumbnail","hentry","category-estado"],"_links":{"self":[{"href":"https:\/\/amanecerhuasteco.com\/portal\/wp-json\/wp\/v2\/posts\/2566","targetHints":{"allow":["GET"]}}],"collection":[{"href":"https:\/\/amanecerhuasteco.com\/portal\/wp-json\/wp\/v2\/posts"}],"about":[{"href":"https:\/\/amanecerhuasteco.com\/portal\/wp-json\/wp\/v2\/types\/post"}],"author":[{"embeddable":true,"href":"https:\/\/amanecerhuasteco.com\/portal\/wp-json\/wp\/v2\/users\/1"}],"replies":[{"embeddable":true,"href":"https:\/\/amanecerhuasteco.com\/portal\/wp-json\/wp\/v2\/comments?post=2566"}],"version-history":[{"count":0,"href":"https:\/\/amanecerhuasteco.com\/portal\/wp-json\/wp\/v2\/posts\/2566\/revisions"}],"wp:featuredmedia":[{"embeddable":true,"href":"https:\/\/amanecerhuasteco.com\/portal\/wp-json\/wp\/v2\/media\/17874"}],"wp:attachment":[{"href":"https:\/\/amanecerhuasteco.com\/portal\/wp-json\/wp\/v2\/media?parent=2566"}],"wp:term":[{"taxonomy":"category","embeddable":true,"href":"https:\/\/amanecerhuasteco.com\/portal\/wp-json\/wp\/v2\/categories?post=2566"},{"taxonomy":"post_tag","embeddable":true,"href":"https:\/\/amanecerhuasteco.com\/portal\/wp-json\/wp\/v2\/tags?post=2566"}],"curies":[{"name":"wp","href":"https:\/\/api.w.org\/{rel}","templated":true}]}}