{"id":2569,"date":"2012-12-27T16:00:04","date_gmt":"2012-12-27T22:00:04","guid":{"rendered":"http:\/\/amanecerhuasteco.com\/portal\/2012\/12\/27\/ayuntamiento-inicia-consulta-ciudadana-para-crear-plan-de-desarrollo-municipal\/"},"modified":"2012-12-27T16:00:04","modified_gmt":"2012-12-27T22:00:04","slug":"ayuntamiento-inicia-consulta-ciudadana-para-crear-plan-de-desarrollo-municipal","status":"publish","type":"post","link":"https:\/\/amanecerhuasteco.com\/portal\/ayuntamiento-inicia-consulta-ciudadana-para-crear-plan-de-desarrollo-municipal\/","title":{"rendered":"AYUNTAMIENTO INICIA CONSULTA CIUDADANA PARA CREAR PLAN DE DESARROLLO MUNICIPAL"},"content":{"rendered":"<div style=\"text-align: justify\">\u00a0<\/div>\n<div style=\"text-align: justify\">Tamuin S.L.P. 26\/12\/12.- Con el prop\u00f3sito de integrar un plan de desarrollo municipal acorde a las necesidades de los tamuinenses, el Presidente Municipal Santiago Ledezma Cano inicio un foro de consulta ciudadana.<\/div>\n<div style=\"text-align: justify\">\u00a0 \u00a0Personal del Ayuntamiento de Tamuin, \u00a0inicio con \u00a0los foros de consulta Ciudadana, en la plaza principal, mercado municipal y colonia Infonavit, para que los ciudadanos acudan a hacer sus peticiones de obras y acciones que se requieren por parte del ayuntamiento.<\/div>\n<div style=\"text-align: justify\">\u00a0 \u00a0Los foros ciudadanos, \u00a0 agrupan las peticiones de la Ciudadan\u00eda en 5 Ejes Rectores, pol\u00edtica social y combate a la pobreza, econom\u00eda competitiva, generadora de empleos, desarrollo sustentable, seguridad y protecci\u00f3n civil as\u00ed como \u00a0Buen Gobierno.<\/div>\n<p><img decoding=\"async\" src=\"images\/stories\/-dic2012\/encuesta1.jpg\" border=\"0\" alt=\"AYUNTAMIENTO INICIA CONSULTA CIUDADANA PARA CREAR PLAN DE DESARROLLO MUNICIPAL\" title=\"AYUNTAMIENTO INICIA CONSULTA CIUDADANA PARA CREAR PLAN DE DESARROLLO MUNICIPAL\" align=\"right\" \/><\/p>\n<div style=\"text-align: justify\">\u00a0 \u00a0 \u00a0 \u00a0De este modo es primordial la participaci\u00f3n de la ciudadan\u00eda para poder alcanzar los objetivos trazados, ya que solamente a trav\u00e9s de la voz de la sociedad el Gobierno puede visualizar las problem\u00e1ticas reales de los habitantes del municipio.<\/div>\n<div style=\"text-align: justify\">\u00a0 \u00a0 \u00a0\u201cYa se han visitado algunas comunidades y colonias\u201d, y en esta semana el m\u00f3dulo de consulta ciudadana estar\u00e1 ubicado en la Colonia Infonavit, frente a la plaza, as\u00ed como tambi\u00e9n se ubicar\u00e1 frente al mercado municipal, \u00fanicamente hasta la pr\u00f3xima semana estar\u00e1n llev\u00e1ndose a cabo.<\/div>\n<div style=\"text-align: justify\">\u00a0 \u00a0 Puntualiz\u00f3, \u00a0que los trabajos no concluyen con la recepci\u00f3n de las propuestas, sino que se integrar\u00e1n al Plan de Desarrollo Municipal, y ser\u00e1n supervisadas a lo largo de los pr\u00f3ximos 3 a\u00f1os para corroborar que sea llevado a cabo para beneficio de todos los Tamuinenses.<\/div>\n","protected":false},"excerpt":{"rendered":"<p>\u00a0 Tamuin S.L.P. 26\/12\/12.- Con el prop\u00f3sito de integrar un plan de desarrollo municipal acorde a las necesidades de los tamuinenses, el Presidente Municipal Santiago Ledezma Cano inicio un foro de consulta ciudadana. \u00a0 \u00a0Personal del Ayuntamiento de Tamuin, \u00a0inicio con \u00a0los foros de consulta &hellip; <\/p>\n","protected":false},"author":1,"featured_media":2568,"comment_status":"open","ping_status":"open","sticky":false,"template":"","format":"standard","meta":{"footnotes":""},"categories":[20],"tags":[],"class_list":["post-2569","post","type-post","status-publish","format-standard","has-post-thumbnail","hentry","category-tamuin"],"_links":{"self":[{"href":"https:\/\/amanecerhuasteco.com\/portal\/wp-json\/wp\/v2\/posts\/2569","targetHints":{"allow":["GET"]}}],"collection":[{"href":"https:\/\/amanecerhuasteco.com\/portal\/wp-json\/wp\/v2\/posts"}],"about":[{"href":"https:\/\/amanecerhuasteco.com\/portal\/wp-json\/wp\/v2\/types\/post"}],"author":[{"embeddable":true,"href":"https:\/\/amanecerhuasteco.com\/portal\/wp-json\/wp\/v2\/users\/1"}],"replies":[{"embeddable":true,"href":"https:\/\/amanecerhuasteco.com\/portal\/wp-json\/wp\/v2\/comments?post=2569"}],"version-history":[{"count":0,"href":"https:\/\/amanecerhuasteco.com\/portal\/wp-json\/wp\/v2\/posts\/2569\/revisions"}],"wp:featuredmedia":[{"embeddable":true,"href":"https:\/\/amanecerhuasteco.com\/portal\/wp-json\/wp\/v2\/media\/2568"}],"wp:attachment":[{"href":"https:\/\/amanecerhuasteco.com\/portal\/wp-json\/wp\/v2\/media?parent=2569"}],"wp:term":[{"taxonomy":"category","embeddable":true,"href":"https:\/\/amanecerhuasteco.com\/portal\/wp-json\/wp\/v2\/categories?post=2569"},{"taxonomy":"post_tag","embeddable":true,"href":"https:\/\/amanecerhuasteco.com\/portal\/wp-json\/wp\/v2\/tags?post=2569"}],"curies":[{"name":"wp","href":"https:\/\/api.w.org\/{rel}","templated":true}]}}