{"id":2580,"date":"2012-12-28T21:14:59","date_gmt":"2012-12-29T03:14:59","guid":{"rendered":"http:\/\/amanecerhuasteco.com\/portal\/2012\/12\/28\/dif-entrega-cobija-a-familias-de-escasos-recursos\/"},"modified":"2012-12-28T21:14:59","modified_gmt":"2012-12-29T03:14:59","slug":"dif-entrega-cobija-a-familias-de-escasos-recursos","status":"publish","type":"post","link":"https:\/\/amanecerhuasteco.com\/portal\/dif-entrega-cobija-a-familias-de-escasos-recursos\/","title":{"rendered":"DIF ENTREGA COBIJA A FAMILIAS DE ESCASOS RECURSOS"},"content":{"rendered":"<div style=\"text-align: justify\"><strong>-Fueron donadas por la Diputada Local Rosa Mar\u00eda Huerta<\/strong><\/div>\n<div style=\"text-align: justify\">Tamuin.- Para apoyar a las familias vulnerables con alto grado de marginaci\u00f3n el Sistema Municipal del Desarrollo Integral de la Familia, inicio la entrega de cobijas para que afronten esta temporada invernal.<\/div>\n<div style=\"text-align: justify\">\u00a0 \u00a0 La presidenta del DIF municipal, Rosalinda Leal Mireles, realizo diversas gestiones para cobijas, de las cuales se pudo obtener una buena cantidad, mismas que con el inicio del invierno comenz\u00f3 su distribuci\u00f3n en las colonias populares y ejidos rurales.<\/div>\n<div style=\"text-align: justify\">\u00a0 \u00a0 Explic\u00f3, que es una \u00a0campa\u00f1a para brindar cobijo a familias de que se encuentran en condiciones vulnerables \u00a0ante las bajas temperaturas que se presentan en el municipio, la cual abarca algunas colonias con alto grado de marginaci\u00f3n, as\u00ed como en las comunidades.<\/div>\n<div style=\"text-align: justify\">\u00a0 \u00a0 \u00a0Realizando la entrega hasta ahora de 144 cobijas, y est\u00e1 en espera de recibir otras 256 cobijas y dos sillas de ruedas las cuales env\u00eda la Diputada Local Rosa Mar\u00eda Huerta, quien est\u00e1 apoyando al cien por ciento esta campa\u00f1a.\u00a0<\/div>\n<div style=\"text-align: justify\">\u00a0 \u00a0Rosalinda Leal Mireles, Presidenta del SMDIF, resalto que esta campa\u00f1a de cobijo de familias vulnerables se enfoca especialmente para adultos mayores y ni\u00f1os ya que son los que mas riesgo corren en esta temporada.<\/div>\n","protected":false},"excerpt":{"rendered":"<p>-Fueron donadas por la Diputada Local Rosa Mar\u00eda Huerta Tamuin.- Para apoyar a las familias vulnerables con alto grado de marginaci\u00f3n el Sistema Municipal del Desarrollo Integral de la Familia, inicio la entrega de cobijas para que afronten esta temporada invernal. \u00a0 \u00a0 La presidenta &hellip; <\/p>\n","protected":false},"author":1,"featured_media":2579,"comment_status":"open","ping_status":"open","sticky":false,"template":"","format":"standard","meta":{"footnotes":""},"categories":[20],"tags":[],"class_list":["post-2580","post","type-post","status-publish","format-standard","has-post-thumbnail","hentry","category-tamuin"],"_links":{"self":[{"href":"https:\/\/amanecerhuasteco.com\/portal\/wp-json\/wp\/v2\/posts\/2580","targetHints":{"allow":["GET"]}}],"collection":[{"href":"https:\/\/amanecerhuasteco.com\/portal\/wp-json\/wp\/v2\/posts"}],"about":[{"href":"https:\/\/amanecerhuasteco.com\/portal\/wp-json\/wp\/v2\/types\/post"}],"author":[{"embeddable":true,"href":"https:\/\/amanecerhuasteco.com\/portal\/wp-json\/wp\/v2\/users\/1"}],"replies":[{"embeddable":true,"href":"https:\/\/amanecerhuasteco.com\/portal\/wp-json\/wp\/v2\/comments?post=2580"}],"version-history":[{"count":0,"href":"https:\/\/amanecerhuasteco.com\/portal\/wp-json\/wp\/v2\/posts\/2580\/revisions"}],"wp:featuredmedia":[{"embeddable":true,"href":"https:\/\/amanecerhuasteco.com\/portal\/wp-json\/wp\/v2\/media\/2579"}],"wp:attachment":[{"href":"https:\/\/amanecerhuasteco.com\/portal\/wp-json\/wp\/v2\/media?parent=2580"}],"wp:term":[{"taxonomy":"category","embeddable":true,"href":"https:\/\/amanecerhuasteco.com\/portal\/wp-json\/wp\/v2\/categories?post=2580"},{"taxonomy":"post_tag","embeddable":true,"href":"https:\/\/amanecerhuasteco.com\/portal\/wp-json\/wp\/v2\/tags?post=2580"}],"curies":[{"name":"wp","href":"https:\/\/api.w.org\/{rel}","templated":true}]}}