{"id":2595,"date":"2012-12-31T17:44:15","date_gmt":"2012-12-31T23:44:15","guid":{"rendered":"http:\/\/amanecerhuasteco.com\/portal\/2012\/12\/31\/comision-de-vinculacion-dentro-del-consejo-para-el-dialogo-de-los-sectores-productivos\/"},"modified":"2012-12-31T17:44:15","modified_gmt":"2012-12-31T23:44:15","slug":"comision-de-vinculacion-dentro-del-consejo-para-el-dialogo-de-los-sectores-productivos","status":"publish","type":"post","link":"https:\/\/amanecerhuasteco.com\/portal\/comision-de-vinculacion-dentro-del-consejo-para-el-dialogo-de-los-sectores-productivos\/","title":{"rendered":"COMISI\u00d3N DE VINCULACI\u00d3N DENTRO DEL CONSEJO PARA EL DI\u00c1LOGO DE LOS SECTORES PRODUCTIVOS"},"content":{"rendered":"<div style=\"text-align: justify\">La Comisi\u00f3n de Vinculaci\u00f3n dentro del Consejo para el Di\u00e1logo de los Sectores Productivos tiene un reto importante para el pr\u00f3ximo a\u00f1o: el aumentar la empleabilidad de los egresados de nivel superior.<\/div>\n<div style=\"text-align: justify\"><\/div>\n<div style=\"text-align: justify\">En este consejo participan instituciones educativas, organismos empresariales, centrales obreras, as\u00ed como dependencias de los tres \u00f3rdenes de gobierno.<\/div>\n<div style=\"text-align: justify\"><\/div>\n<div style=\"text-align: justify\">La Comisi\u00f3n propone un estudio de pertinencia entre los planes de estudio de las universidades y las necesidades productivas de las empresas, a fin de garantizar la colocaci\u00f3n de los egresados en actividades relacionadas a su preparaci\u00f3n, as\u00ed como disminuir el \u00edndice de desempleo.<\/div>\n<div style=\"text-align: justify\"><\/div>\n<div style=\"text-align: justify\">Asimismo, se trabajar\u00e1 con la Comisi\u00f3n de Empleo, para establecer un \u00edndice de empleabilidad y generar cifras que den sentido y direcci\u00f3n a las pol\u00edticas de vinculaci\u00f3n y generaci\u00f3n de empleo; esto permitir\u00e1 determinar el porcentaje de egresados que ya se encuentran laborando, \u00a0cu\u00e1ntos de ellos \u00a0se ubicaron en un \u00e1rea relacionada con su formaci\u00f3n y determinar el tiempo para su colocaci\u00f3n.\u00a0<\/div>\n<div style=\"text-align: justify\"><\/div>\n<div style=\"text-align: justify\">Se busca la aplicaci\u00f3n de este instrumento en el primer trimestre del 2013, por lo cual ya iniciaron con el an\u00e1lisis para la aplicaci\u00f3n de este instrumento.<\/div>\n<div style=\"text-align: justify\"><\/div>\n<div style=\"text-align: justify\">Se explic\u00f3 que a trav\u00e9s de estas reuniones, la UASLP, instituci\u00f3n que tambi\u00e9n participa en el CEDISP, ha mejorado sus indicadores de empleabilidad, pues en un estudio de los egresados de entre uno y cinco a\u00f1os, se observ\u00f3 que \u00a08 de cada 10 egresados tienen empleo, de los cuales el 70 por ciento se emplearon en \u00e1reas afines a su educaci\u00f3n, mientras que el 72 por ciento consigui\u00f3 empleo en 6 meses o menos.<\/div>\n<div style=\"text-align: justify\"><\/div>\n<div style=\"text-align: justify\">Al ampliar el estudio a los egresados de otras instituciones, se tendr\u00e1 un panorama general de las oportunidades de empleo para los j\u00f3venes en San Luis Potos\u00ed.\u00a0<\/div>\n","protected":false},"excerpt":{"rendered":"<p>La Comisi\u00f3n de Vinculaci\u00f3n dentro del Consejo para el Di\u00e1logo de los Sectores Productivos tiene un reto importante para el pr\u00f3ximo a\u00f1o: el aumentar la empleabilidad de los egresados de nivel superior. En este consejo participan instituciones educativas, organismos empresariales, centrales obreras, as\u00ed como dependencias &hellip; <\/p>\n","protected":false},"author":1,"featured_media":17874,"comment_status":"open","ping_status":"open","sticky":false,"template":"","format":"standard","meta":{"footnotes":""},"categories":[4],"tags":[],"class_list":["post-2595","post","type-post","status-publish","format-standard","has-post-thumbnail","hentry","category-inicio"],"_links":{"self":[{"href":"https:\/\/amanecerhuasteco.com\/portal\/wp-json\/wp\/v2\/posts\/2595","targetHints":{"allow":["GET"]}}],"collection":[{"href":"https:\/\/amanecerhuasteco.com\/portal\/wp-json\/wp\/v2\/posts"}],"about":[{"href":"https:\/\/amanecerhuasteco.com\/portal\/wp-json\/wp\/v2\/types\/post"}],"author":[{"embeddable":true,"href":"https:\/\/amanecerhuasteco.com\/portal\/wp-json\/wp\/v2\/users\/1"}],"replies":[{"embeddable":true,"href":"https:\/\/amanecerhuasteco.com\/portal\/wp-json\/wp\/v2\/comments?post=2595"}],"version-history":[{"count":0,"href":"https:\/\/amanecerhuasteco.com\/portal\/wp-json\/wp\/v2\/posts\/2595\/revisions"}],"wp:featuredmedia":[{"embeddable":true,"href":"https:\/\/amanecerhuasteco.com\/portal\/wp-json\/wp\/v2\/media\/17874"}],"wp:attachment":[{"href":"https:\/\/amanecerhuasteco.com\/portal\/wp-json\/wp\/v2\/media?parent=2595"}],"wp:term":[{"taxonomy":"category","embeddable":true,"href":"https:\/\/amanecerhuasteco.com\/portal\/wp-json\/wp\/v2\/categories?post=2595"},{"taxonomy":"post_tag","embeddable":true,"href":"https:\/\/amanecerhuasteco.com\/portal\/wp-json\/wp\/v2\/tags?post=2595"}],"curies":[{"name":"wp","href":"https:\/\/api.w.org\/{rel}","templated":true}]}}