{"id":2599,"date":"2013-01-02T15:59:57","date_gmt":"2013-01-02T21:59:57","guid":{"rendered":"http:\/\/amanecerhuasteco.com\/portal\/2013\/01\/02\/primordial-la-participacion-de-municipios-frente-al-cambio-climatico-pvem\/"},"modified":"2013-01-02T15:59:57","modified_gmt":"2013-01-02T21:59:57","slug":"primordial-la-participacion-de-municipios-frente-al-cambio-climatico-pvem","status":"publish","type":"post","link":"https:\/\/amanecerhuasteco.com\/portal\/primordial-la-participacion-de-municipios-frente-al-cambio-climatico-pvem\/","title":{"rendered":"Primordial la participaci\u00f3n de municipios frente al Cambio Clim\u00e1tico: PVEM"},"content":{"rendered":"<div style=\"text-align: justify\">San Luis Potosi.- Considerando que como ciudades contribuimos seriamente sobre los efectos del cambio clim\u00e1tico; son los propios municipios los que deben comenzar a realizar acciones para contrarrestar este fen\u00f3meno mundial, as\u00ed lo mencion\u00f3 Yadira Salas Ni\u00f1o, Regidora del PVEM.<\/div>\n<div style=\"text-align: justify\">Dijo que el cambio clim\u00e1tico es el cambio de clima atribuido directa o indirectamente a la actividad humana que altera la composici\u00f3n de la atm\u00f3sfera mundial; por lo que somos altamente vulnerables a sus efectos, prueba de ello son las granizadas, incendios, inundaciones, lluvias, olas de calor y sequ\u00eda, principalmente.<\/div>\n<div style=\"text-align: justify\">Se\u00f1al\u00f3 que en v\u00edsperas de la realizaci\u00f3n de la Cumbre de Bogot\u00e1, \u00abCiudades y Cambio Clim\u00e1tico\u00bb, la propuesta a nivel Internacional es que los municipios comiencen a realizar acciones relacionadas a reducir las emisiones de Gases de Efecto Invernadero (GEI) como son el di\u00f3xido de carbono, metano, \u00f3xido nitroso, entre otros, provenientes de procesos industriales, agricultura, transporte y desechos.<\/div>\n<div style=\"text-align: justify\">\u00a0<\/div>\n<div style=\"text-align: justify\">La Regidora del Partido Verde manifest\u00f3 que la Ley General de Cambio Clim\u00e1tico publicada en el Diario Oficial de la Federaci\u00f3n el 06 de junio de 2012 y vigente a partir del 10 de octubre del presente a\u00f1o, establece diversas atribuciones a la federaci\u00f3n, estados y municipios sobre prevenci\u00f3n, mitigaci\u00f3n y adaptaci\u00f3n al cambio clim\u00e1tico, por lo que como Ayuntamiento, unir\u00e1 esfuerzos con estos niveles de gobierno para que esta Administraci\u00f3n Municipal a cargo del Presidente Municipal Mario Garc\u00eda Valdez, sea pionera en la realizaci\u00f3n de este tipo de acciones, derivado del compromiso que tiene con el cuidado del medio ambiente, la salud y el desarrollo de los potosinos.<\/div>\n<div style=\"text-align: justify\"><\/div>\n<div style=\"text-align: justify\"><\/div>\n<div style=\"text-align: justify\">&#8212;<\/div>\n<div style=\"text-align: justify\"><\/div>\n","protected":false},"excerpt":{"rendered":"<p>San Luis Potosi.- Considerando que como ciudades contribuimos seriamente sobre los efectos del cambio clim\u00e1tico; son los propios municipios los que deben comenzar a realizar acciones para contrarrestar este fen\u00f3meno mundial, as\u00ed lo mencion\u00f3 Yadira Salas Ni\u00f1o, Regidora del PVEM. Dijo que el cambio clim\u00e1tico &hellip; <\/p>\n","protected":false},"author":1,"featured_media":17874,"comment_status":"open","ping_status":"open","sticky":false,"template":"","format":"standard","meta":{"footnotes":""},"categories":[11],"tags":[],"class_list":["post-2599","post","type-post","status-publish","format-standard","has-post-thumbnail","hentry","category-estado"],"_links":{"self":[{"href":"https:\/\/amanecerhuasteco.com\/portal\/wp-json\/wp\/v2\/posts\/2599","targetHints":{"allow":["GET"]}}],"collection":[{"href":"https:\/\/amanecerhuasteco.com\/portal\/wp-json\/wp\/v2\/posts"}],"about":[{"href":"https:\/\/amanecerhuasteco.com\/portal\/wp-json\/wp\/v2\/types\/post"}],"author":[{"embeddable":true,"href":"https:\/\/amanecerhuasteco.com\/portal\/wp-json\/wp\/v2\/users\/1"}],"replies":[{"embeddable":true,"href":"https:\/\/amanecerhuasteco.com\/portal\/wp-json\/wp\/v2\/comments?post=2599"}],"version-history":[{"count":0,"href":"https:\/\/amanecerhuasteco.com\/portal\/wp-json\/wp\/v2\/posts\/2599\/revisions"}],"wp:featuredmedia":[{"embeddable":true,"href":"https:\/\/amanecerhuasteco.com\/portal\/wp-json\/wp\/v2\/media\/17874"}],"wp:attachment":[{"href":"https:\/\/amanecerhuasteco.com\/portal\/wp-json\/wp\/v2\/media?parent=2599"}],"wp:term":[{"taxonomy":"category","embeddable":true,"href":"https:\/\/amanecerhuasteco.com\/portal\/wp-json\/wp\/v2\/categories?post=2599"},{"taxonomy":"post_tag","embeddable":true,"href":"https:\/\/amanecerhuasteco.com\/portal\/wp-json\/wp\/v2\/tags?post=2599"}],"curies":[{"name":"wp","href":"https:\/\/api.w.org\/{rel}","templated":true}]}}