{"id":2610,"date":"2013-01-04T14:55:40","date_gmt":"2013-01-04T20:55:40","guid":{"rendered":"http:\/\/amanecerhuasteco.com\/portal\/2013\/01\/04\/feliz-dia-del-periodista\/"},"modified":"2013-01-04T14:55:40","modified_gmt":"2013-01-04T20:55:40","slug":"feliz-dia-del-periodista","status":"publish","type":"post","link":"https:\/\/amanecerhuasteco.com\/portal\/feliz-dia-del-periodista\/","title":{"rendered":"FELIZ DIA DEL \u201cPERIODISTA\u201d"},"content":{"rendered":"<div style=\"text-align: justify\">Ciudad Valles S.L.P. 4\/1\/2013.- Este \u00a04 de enero se festeja en M\u00e9xico el D\u00eda del Periodista, seg\u00fan la ONU es el pa\u00eds m\u00e1s peligroso para ejercer esta profesi\u00f3n pero nos preguntamos si San Luis Potos\u00ed y en especial la zona Huasteca destaca en ese riesgo.<\/div>\n<div style=\"text-align: justify\">Aunque se debe de reconocer que ahora hay una mayor toma de conciencia por parte de gobiernos y organizaciones internacionales sobre el hecho de que la profesi\u00f3n de periodista se enfrenta a riesgos mayores y debe beneficiarse de una mayor protecci\u00f3n en raz\u00f3n de la multiplicaci\u00f3n de los conflictos.<\/div>\n<div style=\"text-align: justify\">Por lo pronto en la Huasteca potosina \u00a0festejaremos un d\u00eda m\u00e1s del \u201cD\u00eda del Periodista\u201d este 4 de enero de 2013, lo cual se har\u00e1 de manera independiente o con algunos festejos ofrecidos por gobierno u organizaciones, recordando a nuestros antepasados para no olvidar de donde surgimos.<\/div>\n<div style=\"text-align: justify\">En este d\u00eda del \u201cperiodista\u201d valdr\u00eda la pena recordar a quienes de una u otra manera \u00a0redactaron sus notas informativas, art\u00edculos, columnas o rese\u00f1as del acontecer de nuestra regi\u00f3n.<\/div>\n<div style=\"text-align: justify\">\u00a0<\/div>\n<div style=\"text-align: justify\">EN MEMORIA DE PERIODISTAS QUE ESCRIBIERON PARTE DE LA HISTORIA DE VALLES Y LA HUASTECA<\/div>\n<div style=\"text-align: justify\">\u00a0Durante su tr\u00e1nsito en la vida, el periodista escribe una parte de la historia de la comunidad pero se olvida de \u00a0escribir la de \u00e9l mismo, \u00a0algunos destacaron con su brillante pluma, sin embargo fueron pilares de los acontecimientos trascendentales de la vida pol\u00edtica social y econ\u00f3mica de su entorno, las nuevas generaciones de informadores ignoran el pasado period\u00edstico de Ciudad Valles, fueron editores, directores, redactores y empresarios de sus propios medios, los recursos \u00a0materiales que dispon\u00edan, distaba muchas d\u00e9cadas de la actual tecnolog\u00eda, ni siquiera so\u00f1aron que habr\u00eda la evoluci\u00f3n que ahora \u00a0disponemos quienes continuamos en la brega period\u00edstica moderna, por ejemplo el peri\u00f3dico digital a trav\u00e9s de la Internet, antesala del futuro de los actuales medios impresos.<\/div>\n<div style=\"text-align: justify\"><\/div>\n<div style=\"text-align: justify\">Manuel Montalvo Sol\u00eds de profesor a periodista, lleg\u00f3 a Valles de origen Yucateco, fundo y fue director del Semanario Valles, dispuso de la primera imprenta plana donada por el entonces cacique potosino Gonzalo N. Santos.<\/div>\n<div style=\"text-align: justify\">AUGUSTO MARTINEZ PITT\u00d3N (as\u00ed con may\u00fasculas) fue un valiente periodista fundador del Semanario POTOS\u00cd circulaba dos veces a la semana, en mi opini\u00f3n, fue el primero en hacer un periodismo real en defensa de los intereses ciudadanos, critic\u00f3 el cacicazgo Santista al grado que en dos ocasiones fue golpeado en la propia direcci\u00f3n de Avenida \u00a0Ju\u00e1rez 6 por esbirros enviados por el pol\u00edtico Huasteco.<\/div>\n<div style=\"text-align: justify\">\u00a0 \u00a0 Mil\u00e1n Lalik articulista pol\u00edtico de origen Yugoslavo lleg\u00f3 a Valles, colaboraba con los medios impresos de la \u00e9poca 40 -60 del siglo pasado.<\/div>\n<div style=\"text-align: justify\">ENRIQUE J. P\u00e9rez, \u00a0fund\u00f3 y fue director de \u201cLa Voz de la Huasteca\u201d el primer medio impreso en rotograbado desplazando los \u201cclich\u00e9s\u201d para publicar las fotos, desapareci\u00f3 a su muerte y \u201creto\u00f1\u00f3\u201d \u00a0como \u201cVOZ DE LA HUASTECA\u201d semanario editado durante 13 a\u00f1os, el primero en Offset editado por Don David Flores Guzm\u00e1n.<\/div>\n<div style=\"text-align: justify\">PROFESOR Filiberto Parra Alonso maestro de varios reporteros, fue \u00a0corresponsal de El Porvenir de Monterrey hasta su muerte de El Sol de San Lu\u00eds.<\/div>\n<div style=\"text-align: justify\">RICARDO Figueroa S\u00e1nchez (saco dir\u00eda) fue director en la segunda \u00e9poca del Semanario Valles, fue corresponsal de El Mundo, El Excelsior, El Heraldo de San Lu\u00eds \u00a0y editor de La Extra de Tamazunchale propiedad del finado Eligio Hern\u00e1ndez. Adem\u00e1s de co- fundador de Noticieros de la XECV de las 10 de la ma\u00f1ana.<\/div>\n<div style=\"text-align: justify\">Jos\u00e9 \u00a0Zerme\u00f1o auxiliar adjunto de Figueroa S\u00e1nchez, al morir \u00e9ste, edit\u00f3 un Semanario \u201cExpresi\u00f3n\u201d hasta su muerte.<\/div>\n<div style=\"text-align: justify\">Enrique Garc\u00eda Rodr\u00edguez, estuvo de paso por Valles, edit\u00f3 Presente de la Huasteca y fue el primer comentarista pol\u00edtico a trav\u00e9s de la Radiodifusora XETR los s\u00e1bados, muri\u00f3 en la capital del estado. \u00a0<\/div>\n<div style=\"text-align: justify\">Andr\u00e9s Y\u00e1\u00f1ez Montes se inici\u00f3 en El Potos\u00ed como \u201ccajista\u201d luego se hizo reportero de deportes y toda su vida fue cronista deportivo, fundador de El Matutino de Valles antes de convertirse en diario de Valles.<\/div>\n<div style=\"text-align: justify\">Valles ha tenido mas periodistas, entre otros Fernando de la Pascua Chinch\u00f3n reportero de Lux Cr\u00f3nica, Manuel Chavero Contreras Tampique\u00f1o por adopci\u00f3n, Jos\u00e9 Luis Cepeda de Aquism\u00f3n, El\u00edas Robledo cronista deportivo, Felipe Espinoza edit\u00f3 una publicaci\u00f3n de corte pol\u00edtico cuyo membrete fue \u201cEL LOCO\u201d\u00a0<\/div>\n<div style=\"text-align: justify\">A todos ellos \u00a0en esta fecha los recordamos, \u201cNo han muerto mientras haya un amigo que los recuerde\u201d, pero desear \u00e9xito a todos los compa\u00f1eros de los medios de comunicaci\u00f3n en activo que d\u00eda a d\u00eda hacer su labor informativa impulsando el desarrollo de nuestra ciudad y la huasteca.<\/div>\n","protected":false},"excerpt":{"rendered":"<p>Ciudad Valles S.L.P. 4\/1\/2013.- Este \u00a04 de enero se festeja en M\u00e9xico el D\u00eda del Periodista, seg\u00fan la ONU es el pa\u00eds m\u00e1s peligroso para ejercer esta profesi\u00f3n pero nos preguntamos si San Luis Potos\u00ed y en especial la zona Huasteca destaca en ese riesgo. &hellip; <\/p>\n","protected":false},"author":1,"featured_media":17874,"comment_status":"open","ping_status":"open","sticky":false,"template":"","format":"standard","meta":{"footnotes":""},"categories":[4],"tags":[],"class_list":["post-2610","post","type-post","status-publish","format-standard","has-post-thumbnail","hentry","category-inicio"],"_links":{"self":[{"href":"https:\/\/amanecerhuasteco.com\/portal\/wp-json\/wp\/v2\/posts\/2610","targetHints":{"allow":["GET"]}}],"collection":[{"href":"https:\/\/amanecerhuasteco.com\/portal\/wp-json\/wp\/v2\/posts"}],"about":[{"href":"https:\/\/amanecerhuasteco.com\/portal\/wp-json\/wp\/v2\/types\/post"}],"author":[{"embeddable":true,"href":"https:\/\/amanecerhuasteco.com\/portal\/wp-json\/wp\/v2\/users\/1"}],"replies":[{"embeddable":true,"href":"https:\/\/amanecerhuasteco.com\/portal\/wp-json\/wp\/v2\/comments?post=2610"}],"version-history":[{"count":0,"href":"https:\/\/amanecerhuasteco.com\/portal\/wp-json\/wp\/v2\/posts\/2610\/revisions"}],"wp:featuredmedia":[{"embeddable":true,"href":"https:\/\/amanecerhuasteco.com\/portal\/wp-json\/wp\/v2\/media\/17874"}],"wp:attachment":[{"href":"https:\/\/amanecerhuasteco.com\/portal\/wp-json\/wp\/v2\/media?parent=2610"}],"wp:term":[{"taxonomy":"category","embeddable":true,"href":"https:\/\/amanecerhuasteco.com\/portal\/wp-json\/wp\/v2\/categories?post=2610"},{"taxonomy":"post_tag","embeddable":true,"href":"https:\/\/amanecerhuasteco.com\/portal\/wp-json\/wp\/v2\/tags?post=2610"}],"curies":[{"name":"wp","href":"https:\/\/api.w.org\/{rel}","templated":true}]}}