{"id":2622,"date":"2013-01-08T00:10:57","date_gmt":"2013-01-08T06:10:57","guid":{"rendered":"http:\/\/amanecerhuasteco.com\/portal\/2013\/01\/08\/alcalde-da-banderazo-de-salida-a-nuevas-unidades-de-autotransporte-urbano\/"},"modified":"2013-01-08T00:10:57","modified_gmt":"2013-01-08T06:10:57","slug":"alcalde-da-banderazo-de-salida-a-nuevas-unidades-de-autotransporte-urbano","status":"publish","type":"post","link":"https:\/\/amanecerhuasteco.com\/portal\/alcalde-da-banderazo-de-salida-a-nuevas-unidades-de-autotransporte-urbano\/","title":{"rendered":"ALCALDE DA BANDERAZO DE SALIDA A NUEVAS UNIDADES DE AUTOTRANSPORTE URBANO"},"content":{"rendered":"<div style=\"text-align: justify\">Ciudad Valles S.L.P. 7\/1\/13.- El Presidente Municipal Juan Jos\u00e9 Ortiz Azuara,\u00a0acompa\u00f1ado de Mart\u00edn Hern\u00e1ndez R\u00edos, Gerente del Servicio Urbano de Transportes Vencedor \u00a0y del Delegado de la Secretar\u00eda de Comunicaciones y Transportes en la localidad, Margarito Manilla Garc\u00eda, dio el banderazo de salida \u00a0de manera simb\u00f3lica a 6 de un total de 25 unidades nuevas del servicio de autotransporte urbano de la localidad.<\/div>\n<div style=\"text-align: justify\">\u00a0 \u00a0 \u00a0El mun\u00edcipe exhorto a la ciudadan\u00eda a \u00a0hacer buen uso de estas unidades que cuentan con mejor tecnolog\u00eda, modernos sistemas de seguridad, bajo impacto para el medio ambiente y sobre todo, beneficios para la ciudadan\u00eda pues incluso se pretende abrir nuevas rutas a diversos sectores de la localidad.<\/div>\n<div style=\"text-align: justify\">\u00a0 \u00a0 \u00a0Al concluir, el mun\u00edcipe se refiri\u00f3 a las expectativas de su gobierno para este 2013, en el cual \u00a0toca incrementar el ritmo de trabajo luego de un proceso de 3 meses y se har\u00e1n ajustes a la plantilla laboral con la firme intenci\u00f3n de mejorar el servicio y atenci\u00f3n a la ciudadan\u00eda; motivo por el cual exhorto a los trabajadores a cumplir aprovechando la oportunidad de trabajar en este ayuntamiento, pues quien no lo haga \u00a0tendr\u00e1 que ajustarse a las disposiciones de la ley.<\/div>\n<div style=\"text-align: justify\">\u00a0 \u00a0 \u00a0 Asever\u00f3 que no se permitir\u00e1 ning\u00fan acto irregular en el que se quiera proteger a alg\u00fan proveedor de bienes o servicios que tenga relaci\u00f3n con esta administraci\u00f3n, as\u00ed como tampoco se tolerar\u00e1 \u00a0ninguna fricci\u00f3n interna entre el personal pues no se puede perder el tiempo en solucionar problemas de ese tipo cuando el verdadero compromiso es el canalizar y servir a los ciudadanos.\u00a0<\/div>\n","protected":false},"excerpt":{"rendered":"<p>Ciudad Valles S.L.P. 7\/1\/13.- El Presidente Municipal Juan Jos\u00e9 Ortiz Azuara,\u00a0acompa\u00f1ado de Mart\u00edn Hern\u00e1ndez R\u00edos, Gerente del Servicio Urbano de Transportes Vencedor \u00a0y del Delegado de la Secretar\u00eda de Comunicaciones y Transportes en la localidad, Margarito Manilla Garc\u00eda, dio el banderazo de salida \u00a0de manera &hellip; <\/p>\n","protected":false},"author":1,"featured_media":17874,"comment_status":"open","ping_status":"open","sticky":false,"template":"","format":"standard","meta":{"footnotes":""},"categories":[7],"tags":[],"class_list":["post-2622","post","type-post","status-publish","format-standard","has-post-thumbnail","hentry","category-ciudad"],"_links":{"self":[{"href":"https:\/\/amanecerhuasteco.com\/portal\/wp-json\/wp\/v2\/posts\/2622","targetHints":{"allow":["GET"]}}],"collection":[{"href":"https:\/\/amanecerhuasteco.com\/portal\/wp-json\/wp\/v2\/posts"}],"about":[{"href":"https:\/\/amanecerhuasteco.com\/portal\/wp-json\/wp\/v2\/types\/post"}],"author":[{"embeddable":true,"href":"https:\/\/amanecerhuasteco.com\/portal\/wp-json\/wp\/v2\/users\/1"}],"replies":[{"embeddable":true,"href":"https:\/\/amanecerhuasteco.com\/portal\/wp-json\/wp\/v2\/comments?post=2622"}],"version-history":[{"count":0,"href":"https:\/\/amanecerhuasteco.com\/portal\/wp-json\/wp\/v2\/posts\/2622\/revisions"}],"wp:featuredmedia":[{"embeddable":true,"href":"https:\/\/amanecerhuasteco.com\/portal\/wp-json\/wp\/v2\/media\/17874"}],"wp:attachment":[{"href":"https:\/\/amanecerhuasteco.com\/portal\/wp-json\/wp\/v2\/media?parent=2622"}],"wp:term":[{"taxonomy":"category","embeddable":true,"href":"https:\/\/amanecerhuasteco.com\/portal\/wp-json\/wp\/v2\/categories?post=2622"},{"taxonomy":"post_tag","embeddable":true,"href":"https:\/\/amanecerhuasteco.com\/portal\/wp-json\/wp\/v2\/tags?post=2622"}],"curies":[{"name":"wp","href":"https:\/\/api.w.org\/{rel}","templated":true}]}}