{"id":26325,"date":"2018-07-20T07:41:48","date_gmt":"2018-07-20T13:41:48","guid":{"rendered":"http:\/\/amanecerhuasteco.com\/portal\/?p=26325"},"modified":"2018-07-20T07:41:48","modified_gmt":"2018-07-20T13:41:48","slug":"logra-pgje-prision-preventiva-a-presunto-secuestrador-que-operaba-en-la-huasteca-potosina","status":"publish","type":"post","link":"https:\/\/amanecerhuasteco.com\/portal\/logra-pgje-prision-preventiva-a-presunto-secuestrador-que-operaba-en-la-huasteca-potosina\/","title":{"rendered":"Logra PGJE \u00a0prisi\u00f3n preventiva a presunto secuestrador que operaba en la huasteca potosina"},"content":{"rendered":"<p>&nbsp;<\/p>\n<ul>\n<li>En audiencia, fiscales de la UECS aportaron elementos de prueba para su vinculaci\u00f3n a proceso.<\/li>\n<\/ul>\n<p>San Luis Potos\u00ed.- Fiscales de la Unidad Especializada del Combate al Secuestro (UECS) de la Procuradur\u00eda General de Justicia de San Luis Potos\u00ed (PGJSLP), lograron vincular a proceso a Alfredo \u201cN\u201d, de 38 a\u00f1os de edad, por el delito de secuestro agravado, quedando en prisi\u00f3n preventiva oficiosa mientras transcurren los cuatro meses para el cierre de la investigaci\u00f3n complementaria.<\/p>\n<p>Fue hace unos d\u00edas cuando autoridades potosinas en coordinaci\u00f3n con el estado de Nuevo Le\u00f3n, lograron la captura de dicho sujeto, el cual era considerado objetivo criminal y se le buscaba por el secuestro de un l\u00edder ca\u00f1ero ocurrido en el municipio de Ciudad Valles.<\/p>\n<p>Dicho il\u00edcito ocurri\u00f3 la tarde del 20 de agosto del a\u00f1o pasado, cuando se report\u00f3 que cinco sujetos armados arribaron al domicilio de su v\u00edctima en la colonia Lomas Oriente, llev\u00e1ndosela a una casa en la colonia Doracely de Ciudad Valles donde lo mantuvieron privado de su libertad.<\/p>\n<p>Las autoridades estatales lograron la liberaci\u00f3n de la persona secuestrada y la captura de cinco de los presuntos plagiarios, quienes quedaron a disposici\u00f3n del juez de control, pero al continuar los trabajos de investigaci\u00f3n, la polic\u00eda ministerial identific\u00f3 a Alfredo \u201cN\u201d como otro de los probables involucrados.<\/p>\n<p>Al obtener la orden de aprehensi\u00f3n en su contra, agentes potosinos tuvieron informes de que dicho sujeto operaba en la huasteca potosina y que ya hab\u00eda huido a Nuevo Le\u00f3n, por ello activaron los convenios con dicha entidad y de esta forma se le detuvo, iniciando desde ese momento su proceso legal.<\/p>\n<p>En la audiencia inicial los fiscales de la UECS de la PGJSLP, aportaron datos de prueba y le imputaron el delito de secuestro agravado, y debido a que solicit\u00f3 la duplicidad del t\u00e9rmino constitucional, la audiencia de vinculaci\u00f3n a proceso continu\u00f3 d\u00edas despu\u00e9s, otorgando el juez la medida cautelar de prisi\u00f3n preventiva y el tiempo de cuatro meses para la investigaci\u00f3n complementaria.<\/p>\n<p>&#8212;<\/p>\n","protected":false},"excerpt":{"rendered":"<p>&nbsp; En audiencia, fiscales de la UECS aportaron elementos de prueba para su vinculaci\u00f3n a proceso. San Luis Potos\u00ed.- Fiscales de la Unidad Especializada del Combate al Secuestro (UECS) de la Procuradur\u00eda General de Justicia de San Luis Potos\u00ed (PGJSLP), lograron vincular a proceso a &hellip; <\/p>\n","protected":false},"author":1,"featured_media":26326,"comment_status":"open","ping_status":"open","sticky":false,"template":"","format":"standard","meta":{"footnotes":""},"categories":[7,11,4,19,5],"tags":[],"class_list":["post-26325","post","type-post","status-publish","format-standard","has-post-thumbnail","hentry","category-ciudad","category-estado","category-inicio","category-policia","category-politica"],"_links":{"self":[{"href":"https:\/\/amanecerhuasteco.com\/portal\/wp-json\/wp\/v2\/posts\/26325","targetHints":{"allow":["GET"]}}],"collection":[{"href":"https:\/\/amanecerhuasteco.com\/portal\/wp-json\/wp\/v2\/posts"}],"about":[{"href":"https:\/\/amanecerhuasteco.com\/portal\/wp-json\/wp\/v2\/types\/post"}],"author":[{"embeddable":true,"href":"https:\/\/amanecerhuasteco.com\/portal\/wp-json\/wp\/v2\/users\/1"}],"replies":[{"embeddable":true,"href":"https:\/\/amanecerhuasteco.com\/portal\/wp-json\/wp\/v2\/comments?post=26325"}],"version-history":[{"count":2,"href":"https:\/\/amanecerhuasteco.com\/portal\/wp-json\/wp\/v2\/posts\/26325\/revisions"}],"predecessor-version":[{"id":26328,"href":"https:\/\/amanecerhuasteco.com\/portal\/wp-json\/wp\/v2\/posts\/26325\/revisions\/26328"}],"wp:featuredmedia":[{"embeddable":true,"href":"https:\/\/amanecerhuasteco.com\/portal\/wp-json\/wp\/v2\/media\/26326"}],"wp:attachment":[{"href":"https:\/\/amanecerhuasteco.com\/portal\/wp-json\/wp\/v2\/media?parent=26325"}],"wp:term":[{"taxonomy":"category","embeddable":true,"href":"https:\/\/amanecerhuasteco.com\/portal\/wp-json\/wp\/v2\/categories?post=26325"},{"taxonomy":"post_tag","embeddable":true,"href":"https:\/\/amanecerhuasteco.com\/portal\/wp-json\/wp\/v2\/tags?post=26325"}],"curies":[{"name":"wp","href":"https:\/\/api.w.org\/{rel}","templated":true}]}}