{"id":2635,"date":"2013-01-09T17:10:06","date_gmt":"2013-01-09T23:10:06","guid":{"rendered":"http:\/\/amanecerhuasteco.com\/portal\/2013\/01\/09\/festejo-alcalde-a-las-enfermeras-en-su-dia\/"},"modified":"2013-01-09T17:10:06","modified_gmt":"2013-01-09T23:10:06","slug":"festejo-alcalde-a-las-enfermeras-en-su-dia","status":"publish","type":"post","link":"https:\/\/amanecerhuasteco.com\/portal\/festejo-alcalde-a-las-enfermeras-en-su-dia\/","title":{"rendered":"Festej\u00f3 Alcalde a las Enfermeras en su d\u00eda"},"content":{"rendered":"<div>\u00a0<\/div>\n<div>Tamuin S.L.P. 9\/1\/13.- Con motivo de la celebraci\u00f3n del d\u00eda de la Enfermera el pasado 6 de Enero, el Alcalde \u00a0Santiago Ledezma Cano, felicito y festejo a las enfermeras en su d\u00eda.\u00a0<\/div>\n<div>En un peque\u00f1o pero significativo fest\u00edn, en el cual estuvieron presentes el Regidor \u00a0con la comisi\u00f3n de Salud y Grupos vulnerables, Jos\u00e9 Luis Medina Gudi\u00f1o as\u00ed como el Coordinador de Salud del Ayuntamiento e Antelmo Medell\u00edn Ahumada.<\/div>\n<div>\u00a0 \u00a0 \u00a0 \u00a0 \u00a0Por su parte el Alcalde destaco la labor de ser enfermera o enfermero ya que es un trabajo en donde tienes que entregarte por completo en todos los sentidos, mantener las emociones pero a la vez tener el car\u00e1cter para enfrentar los casos dif\u00edciles.\u00a0<\/div>\n<div>As\u00ed mismo las festejadas quienes son parte del equipo de trabajo que labora en el Hospital B\u00e1sico Comunitario as\u00ed como de Brigadas m\u00e9dicas, \u00a0aprovecharon la oportunidad para conversar con el Alcalde Santiago Ledezma Cano, quien sin duda no dejo pasar desapercibido este d\u00eda tan importante para las trabajadoras.<\/div>\n","protected":false},"excerpt":{"rendered":"<p>\u00a0 Tamuin S.L.P. 9\/1\/13.- Con motivo de la celebraci\u00f3n del d\u00eda de la Enfermera el pasado 6 de Enero, el Alcalde \u00a0Santiago Ledezma Cano, felicito y festejo a las enfermeras en su d\u00eda.\u00a0 En un peque\u00f1o pero significativo fest\u00edn, en el cual estuvieron presentes el &hellip; <\/p>\n","protected":false},"author":1,"featured_media":2634,"comment_status":"open","ping_status":"open","sticky":false,"template":"","format":"standard","meta":{"footnotes":""},"categories":[20],"tags":[],"class_list":["post-2635","post","type-post","status-publish","format-standard","has-post-thumbnail","hentry","category-tamuin"],"_links":{"self":[{"href":"https:\/\/amanecerhuasteco.com\/portal\/wp-json\/wp\/v2\/posts\/2635","targetHints":{"allow":["GET"]}}],"collection":[{"href":"https:\/\/amanecerhuasteco.com\/portal\/wp-json\/wp\/v2\/posts"}],"about":[{"href":"https:\/\/amanecerhuasteco.com\/portal\/wp-json\/wp\/v2\/types\/post"}],"author":[{"embeddable":true,"href":"https:\/\/amanecerhuasteco.com\/portal\/wp-json\/wp\/v2\/users\/1"}],"replies":[{"embeddable":true,"href":"https:\/\/amanecerhuasteco.com\/portal\/wp-json\/wp\/v2\/comments?post=2635"}],"version-history":[{"count":0,"href":"https:\/\/amanecerhuasteco.com\/portal\/wp-json\/wp\/v2\/posts\/2635\/revisions"}],"wp:featuredmedia":[{"embeddable":true,"href":"https:\/\/amanecerhuasteco.com\/portal\/wp-json\/wp\/v2\/media\/2634"}],"wp:attachment":[{"href":"https:\/\/amanecerhuasteco.com\/portal\/wp-json\/wp\/v2\/media?parent=2635"}],"wp:term":[{"taxonomy":"category","embeddable":true,"href":"https:\/\/amanecerhuasteco.com\/portal\/wp-json\/wp\/v2\/categories?post=2635"},{"taxonomy":"post_tag","embeddable":true,"href":"https:\/\/amanecerhuasteco.com\/portal\/wp-json\/wp\/v2\/tags?post=2635"}],"curies":[{"name":"wp","href":"https:\/\/api.w.org\/{rel}","templated":true}]}}