{"id":2640,"date":"2013-01-09T21:03:07","date_gmt":"2013-01-10T03:03:07","guid":{"rendered":"http:\/\/amanecerhuasteco.com\/portal\/2013\/01\/09\/programa-mi-barrio-el-proximo-sabado-en-el-infonavit-2\/"},"modified":"2013-01-09T21:03:07","modified_gmt":"2013-01-10T03:03:07","slug":"programa-mi-barrio-el-proximo-sabado-en-el-infonavit-2","status":"publish","type":"post","link":"https:\/\/amanecerhuasteco.com\/portal\/programa-mi-barrio-el-proximo-sabado-en-el-infonavit-2\/","title":{"rendered":"PROGRAMA \u201cMI BARRIO\u201d EL PROXIMO SABADO EN EL INFONAVIT 2"},"content":{"rendered":"<div style=\"text-align: justify\"><strong>&#8211;\u00a0Invitan a las familias a participar<\/strong><\/div>\n<div style=\"text-align: justify\">Ciudad Valles S.L.P. 9\/1\/13.- El Presidente Municipal, Juan Jos\u00e9 Ortiz Azuara, hizo un llamado a los vecinos del Fraccionamiento Infonavit II, \u00a0para que participen en el Programa \u201cMi Barrio\u201d que incluye la presentaci\u00f3n de un elenco art\u00edstico musical \u00a0el s\u00e1bado 12 de enero a partir de las 6 de la tarde.<\/div>\n<div style=\"text-align: justify\">\u00a0 \u00a0 Salvador Jurado Avalos, Director de Recreaci\u00f3n y Eventos Especiales, dio a conocer que de antemano \u00a0ya se trabaja en la rehabilitaci\u00f3n de la Plaza de la Amistad, de ese lugar con trabajos de limpieza, pintura y otros m\u00e1s, por lo que incluso invit\u00f3 a los habitantes de ese lugar y colonias aleda\u00f1as, que deseen sumarse a estas acciones, para que se den cita ah\u00ed misma llevando las herramientas que tengan a su alcance como machetes, palas, escobas, por citar algunos.<\/div>\n<div style=\"text-align: justify\">\u00a0 \u00a0 \u00a0Resalt\u00f3 que estos trabajos, ya concluidos, se entregar\u00e1n a los habitantes del Infonavit II, \u00a0el mismo 12 de enero, para que \u00a0tengan un espacio digno de recreaci\u00f3n en el cual convivir con sus familias e incluso practicar alg\u00fan deporte.<\/div>\n","protected":false},"excerpt":{"rendered":"<p>&#8211;\u00a0Invitan a las familias a participar Ciudad Valles S.L.P. 9\/1\/13.- El Presidente Municipal, Juan Jos\u00e9 Ortiz Azuara, hizo un llamado a los vecinos del Fraccionamiento Infonavit II, \u00a0para que participen en el Programa \u201cMi Barrio\u201d que incluye la presentaci\u00f3n de un elenco art\u00edstico musical \u00a0el &hellip; <\/p>\n","protected":false},"author":1,"featured_media":17874,"comment_status":"open","ping_status":"open","sticky":false,"template":"","format":"standard","meta":{"footnotes":""},"categories":[7],"tags":[],"class_list":["post-2640","post","type-post","status-publish","format-standard","has-post-thumbnail","hentry","category-ciudad"],"_links":{"self":[{"href":"https:\/\/amanecerhuasteco.com\/portal\/wp-json\/wp\/v2\/posts\/2640","targetHints":{"allow":["GET"]}}],"collection":[{"href":"https:\/\/amanecerhuasteco.com\/portal\/wp-json\/wp\/v2\/posts"}],"about":[{"href":"https:\/\/amanecerhuasteco.com\/portal\/wp-json\/wp\/v2\/types\/post"}],"author":[{"embeddable":true,"href":"https:\/\/amanecerhuasteco.com\/portal\/wp-json\/wp\/v2\/users\/1"}],"replies":[{"embeddable":true,"href":"https:\/\/amanecerhuasteco.com\/portal\/wp-json\/wp\/v2\/comments?post=2640"}],"version-history":[{"count":0,"href":"https:\/\/amanecerhuasteco.com\/portal\/wp-json\/wp\/v2\/posts\/2640\/revisions"}],"wp:featuredmedia":[{"embeddable":true,"href":"https:\/\/amanecerhuasteco.com\/portal\/wp-json\/wp\/v2\/media\/17874"}],"wp:attachment":[{"href":"https:\/\/amanecerhuasteco.com\/portal\/wp-json\/wp\/v2\/media?parent=2640"}],"wp:term":[{"taxonomy":"category","embeddable":true,"href":"https:\/\/amanecerhuasteco.com\/portal\/wp-json\/wp\/v2\/categories?post=2640"},{"taxonomy":"post_tag","embeddable":true,"href":"https:\/\/amanecerhuasteco.com\/portal\/wp-json\/wp\/v2\/tags?post=2640"}],"curies":[{"name":"wp","href":"https:\/\/api.w.org\/{rel}","templated":true}]}}