{"id":2642,"date":"2013-01-10T16:51:12","date_gmt":"2013-01-10T22:51:12","guid":{"rendered":"http:\/\/amanecerhuasteco.com\/portal\/2013\/01\/10\/proyectan-integrar-un-consejo-regional-sobre-seguridad-publica\/"},"modified":"2013-01-10T16:51:12","modified_gmt":"2013-01-10T22:51:12","slug":"proyectan-integrar-un-consejo-regional-sobre-seguridad-publica","status":"publish","type":"post","link":"https:\/\/amanecerhuasteco.com\/portal\/proyectan-integrar-un-consejo-regional-sobre-seguridad-publica\/","title":{"rendered":"PROYECTAN INTEGRAR UN CONSEJO REGIONAL SOBRE SEGURIDAD P\u00daBLICA"},"content":{"rendered":"<div style=\"text-align: justify\">Ciudad Valles S.L.P.- 10\/1\/13.- Enviados de la capital del estado estuvieron en Valles con el fin de celebrar reuniones de trabajo con autoridades municipales \u00a0de toda la regi\u00f3n, incluyendo zona media, el prop\u00f3sito es crear un organismo de seguridad p\u00fablica regional.<\/div>\n<div style=\"text-align: justify\">\u00a0Con el prop\u00f3sito para hacer frente con nuevas estrategias a la alta incidencia de criminalidad \u00a0registrada en los \u00faltimos meses al grado que la entidad potosina es una de las primeras con este problema, se incluye la participaci\u00f3n ciudadana que es fundamental.<\/div>\n<div style=\"text-align: justify\">\u00a0 \u00a0 La reuni\u00f3n tuvo lugar con los representantes de los cuerpos polic\u00edacos, jefes de tropa y representantes del estado, el objetivo primordial es unificar esfuerzos a trav\u00e9s del organismo regional para hacer un frente com\u00fan contra la incidencia criminal.<\/div>\n<div style=\"text-align: justify\">\u00a0 \u00a0 El secretario del ayuntamiento anfitri\u00f3n de Valles Gilberto Armendariz Mar\u00edn, explic\u00f3 que en este proyecto se incluye a la ciudadan\u00eda como punto principal de apoyo \u00a0para dise\u00f1ar medidas efectivas de combatir la incidencia delincuencial en las regiones huasteca y media y en breve las autoridades militares estar\u00e1n dando a conocer la integraci\u00f3n del consejo de seguridad regional.<\/div>\n","protected":false},"excerpt":{"rendered":"<p>Ciudad Valles S.L.P.- 10\/1\/13.- Enviados de la capital del estado estuvieron en Valles con el fin de celebrar reuniones de trabajo con autoridades municipales \u00a0de toda la regi\u00f3n, incluyendo zona media, el prop\u00f3sito es crear un organismo de seguridad p\u00fablica regional. \u00a0Con el prop\u00f3sito para &hellip; <\/p>\n","protected":false},"author":1,"featured_media":17874,"comment_status":"open","ping_status":"open","sticky":false,"template":"","format":"standard","meta":{"footnotes":""},"categories":[7],"tags":[],"class_list":["post-2642","post","type-post","status-publish","format-standard","has-post-thumbnail","hentry","category-ciudad"],"_links":{"self":[{"href":"https:\/\/amanecerhuasteco.com\/portal\/wp-json\/wp\/v2\/posts\/2642","targetHints":{"allow":["GET"]}}],"collection":[{"href":"https:\/\/amanecerhuasteco.com\/portal\/wp-json\/wp\/v2\/posts"}],"about":[{"href":"https:\/\/amanecerhuasteco.com\/portal\/wp-json\/wp\/v2\/types\/post"}],"author":[{"embeddable":true,"href":"https:\/\/amanecerhuasteco.com\/portal\/wp-json\/wp\/v2\/users\/1"}],"replies":[{"embeddable":true,"href":"https:\/\/amanecerhuasteco.com\/portal\/wp-json\/wp\/v2\/comments?post=2642"}],"version-history":[{"count":0,"href":"https:\/\/amanecerhuasteco.com\/portal\/wp-json\/wp\/v2\/posts\/2642\/revisions"}],"wp:featuredmedia":[{"embeddable":true,"href":"https:\/\/amanecerhuasteco.com\/portal\/wp-json\/wp\/v2\/media\/17874"}],"wp:attachment":[{"href":"https:\/\/amanecerhuasteco.com\/portal\/wp-json\/wp\/v2\/media?parent=2642"}],"wp:term":[{"taxonomy":"category","embeddable":true,"href":"https:\/\/amanecerhuasteco.com\/portal\/wp-json\/wp\/v2\/categories?post=2642"},{"taxonomy":"post_tag","embeddable":true,"href":"https:\/\/amanecerhuasteco.com\/portal\/wp-json\/wp\/v2\/tags?post=2642"}],"curies":[{"name":"wp","href":"https:\/\/api.w.org\/{rel}","templated":true}]}}