{"id":2649,"date":"2013-01-11T17:37:02","date_gmt":"2013-01-11T23:37:02","guid":{"rendered":"http:\/\/amanecerhuasteco.com\/portal\/2013\/01\/11\/regidores-vallenses-recibiran-37-mil-pesos-netos-de-salario\/"},"modified":"2013-01-11T17:37:02","modified_gmt":"2013-01-11T23:37:02","slug":"regidores-vallenses-recibiran-37-mil-pesos-netos-de-salario","status":"publish","type":"post","link":"https:\/\/amanecerhuasteco.com\/portal\/regidores-vallenses-recibiran-37-mil-pesos-netos-de-salario\/","title":{"rendered":"REGIDORES VALLENSES RECIBIRAN 37 MIL PESOS NETOS DE SALARIO"},"content":{"rendered":"<div style=\"text-align: justify\"><strong>-Cobraran la partida de ayuda social<\/strong><\/div>\n<div style=\"text-align: justify\">Ciudad Valles S.L.P. 11\/1\/13.- En la \u00faltima sesi\u00f3n del cabildo de Valles \u00a0el pasado a\u00f1o, los regidores no olvidaron \u201cfijarse\u201d el nuevo salario mensual para el ejercicio fiscal 2013, estableciendo que su sueldo ser\u00e1 solo un mil pesos menos que sus antecesores.<\/div>\n<div style=\"text-align: justify\">\u00a0 \u00a0 \u00a0Al indagar sobre el caso las cifras no coinciden con la n\u00f3mina de hasta el mes de septiembre, pero continuar\u00e1n recibiendo integro a su salario la \u201cdieta\u201d establecida para ayuda social establecida por sus antecesores.<\/div>\n<div style=\"text-align: justify\">\u00a0 \u00a0Cabe recordar que los anteriores regidores se\u00f1alaron que la ayuda social solo era en teor\u00eda prueba es que los supuestos beneficiarios nunca recibieron las aportaciones prometidas y los cheques quedaron en firma.<\/div>\n<div style=\"text-align: justify\">\u00a0 \u00a0 \u00a0El edil del PVEM Ra\u00fal Garc\u00eda Salazar, entrevistado al respecto por Amanecer Huasteco, en relaci\u00f3n al salario que ganar\u00e1n los 12 regidores del actual ayuntamiento y las dos S\u00edndicos, indic\u00f3 que se rebajaron un mil pesos por mes, lo que representa descontados los impuestos, una cantidad de 30 mil pesos, el total ser\u00e1n 37 mil pesos \u00a0(los anteriores recibieron 28 mil pesos netos).<\/div>\n<div style=\"text-align: justify\">\u00a0 \u00a0 \u00a0 El regidor del Verde Ecologista, se\u00f1al\u00f3 que \u00a0tendr\u00e1n a su disposici\u00f3n \u00a0$2,000 \u00a0por quincena para ayuda social, no dijo si los beneficiarios tendr\u00e1n que reunir requisitos como ocurri\u00f3 con la administraci\u00f3n anterior \u00a0panista, lo que finalmente \u00a0deriv\u00f3 en que se quedaran esos comprobantes en poder del gobierno municipal al no entregar los cheques comprometidos.<\/div>\n","protected":false},"excerpt":{"rendered":"<p>-Cobraran la partida de ayuda social Ciudad Valles S.L.P. 11\/1\/13.- En la \u00faltima sesi\u00f3n del cabildo de Valles \u00a0el pasado a\u00f1o, los regidores no olvidaron \u201cfijarse\u201d el nuevo salario mensual para el ejercicio fiscal 2013, estableciendo que su sueldo ser\u00e1 solo un mil pesos menos &hellip; <\/p>\n","protected":false},"author":1,"featured_media":17874,"comment_status":"open","ping_status":"open","sticky":false,"template":"","format":"standard","meta":{"footnotes":""},"categories":[7],"tags":[],"class_list":["post-2649","post","type-post","status-publish","format-standard","has-post-thumbnail","hentry","category-ciudad"],"_links":{"self":[{"href":"https:\/\/amanecerhuasteco.com\/portal\/wp-json\/wp\/v2\/posts\/2649","targetHints":{"allow":["GET"]}}],"collection":[{"href":"https:\/\/amanecerhuasteco.com\/portal\/wp-json\/wp\/v2\/posts"}],"about":[{"href":"https:\/\/amanecerhuasteco.com\/portal\/wp-json\/wp\/v2\/types\/post"}],"author":[{"embeddable":true,"href":"https:\/\/amanecerhuasteco.com\/portal\/wp-json\/wp\/v2\/users\/1"}],"replies":[{"embeddable":true,"href":"https:\/\/amanecerhuasteco.com\/portal\/wp-json\/wp\/v2\/comments?post=2649"}],"version-history":[{"count":0,"href":"https:\/\/amanecerhuasteco.com\/portal\/wp-json\/wp\/v2\/posts\/2649\/revisions"}],"wp:featuredmedia":[{"embeddable":true,"href":"https:\/\/amanecerhuasteco.com\/portal\/wp-json\/wp\/v2\/media\/17874"}],"wp:attachment":[{"href":"https:\/\/amanecerhuasteco.com\/portal\/wp-json\/wp\/v2\/media?parent=2649"}],"wp:term":[{"taxonomy":"category","embeddable":true,"href":"https:\/\/amanecerhuasteco.com\/portal\/wp-json\/wp\/v2\/categories?post=2649"},{"taxonomy":"post_tag","embeddable":true,"href":"https:\/\/amanecerhuasteco.com\/portal\/wp-json\/wp\/v2\/tags?post=2649"}],"curies":[{"name":"wp","href":"https:\/\/api.w.org\/{rel}","templated":true}]}}