{"id":2657,"date":"2013-01-14T15:29:41","date_gmt":"2013-01-14T21:29:41","guid":{"rendered":"http:\/\/amanecerhuasteco.com\/portal\/2013\/01\/14\/se-instala-la-comision-especializada-en-la-tutela-de-los-derechos-y-de-los-intereses-superiores-de-la-infancia-y-la-adolescencia\/"},"modified":"2013-01-14T15:29:41","modified_gmt":"2013-01-14T21:29:41","slug":"se-instala-la-comision-especializada-en-la-tutela-de-los-derechos-y-de-los-intereses-superiores-de-la-infancia-y-la-adolescencia","status":"publish","type":"post","link":"https:\/\/amanecerhuasteco.com\/portal\/se-instala-la-comision-especializada-en-la-tutela-de-los-derechos-y-de-los-intereses-superiores-de-la-infancia-y-la-adolescencia\/","title":{"rendered":"SE INSTALA LA COMISION ESPECIALIZADA EN LA TUTELA DE LOS DERECHOS Y DE LOS INTERESES SUPERIORES DE LA INFANCIA Y LA ADOLESCENCIA"},"content":{"rendered":"<div style=\"text-align: justify\"><\/div>\n<div style=\"text-align: justify\"><strong>-Acciones y Programas a favor de la infancia<\/strong><\/div>\n<div style=\"text-align: justify\">Ciudad Valles 12\/1\/13.- Por la tarde del pasado viernes 11 de enero, fue instalada formalmente la Comisi\u00f3n Especializada en la Tutela y el inter\u00e9s superior de ni\u00f1os, ni\u00f1as y adolescentes del municipio (COMDIA).<\/div>\n<div style=\"text-align: justify\"><\/div>\n<div style=\"text-align: justify\">Derivado de la Convenci\u00f3n de los Derechos de los ni\u00f1os que se aprueba por unanimidad por la asamblea general de la ONU en 1989, el pa\u00eds, los estados y municipios trabajan conjuntamente replanteando la visi\u00f3n respecto a los derechos humanos de ni\u00f1os y adolescentes, ya que en ella se establecen normas universales sobre la protecci\u00f3n de ellos, contra el abandono, los malos tratos y la explotaci\u00f3n de todos los tipos, pero sobre todo se consagra el respeto sobre sus derechos de supervivencia, desarrollo y a la plena participaci\u00f3n en las actividades educativas, sociales, culturales y democr\u00e1ticas, necesarias para su crecimiento y bienestar individuales.<\/div>\n<div style=\"text-align: justify\"><\/div>\n<div style=\"text-align: justify\"><img decoding=\"async\" src=\"images\/stories\/-ene13\/comdia2.jpg\" border=\"0\" alt=\"La COMDIA integrada por el C. Presidente Municipal, LAE Juan Jos\u00e9 Ortiz Azuara, en coordinaci\u00f3n con el SMDIF integr\u00f3 6 mesas de trabajo\" title=\"La COMDIA integrada por el C. Presidente Municipal, LAE Juan Jos\u00e9 Ortiz Azuara, en coordinaci\u00f3n con el SMDIF integr\u00f3 6 mesas de trabajo\" \/>\u00a0<\/div>\n<div style=\"text-align: justify\">La COMDIA integrada por el C. Presidente Municipal, LAE Juan Jos\u00e9 Ortiz Azuara, en coordinaci\u00f3n con el SMDIF integr\u00f3 6 mesas de trabajo con los sectores m\u00e1s representativos en materia de Salud, Educaci\u00f3n, Atenci\u00f3n Jur\u00eddica, Asistencia Social, Deporte y Cultura del municipio, quienes deber\u00e1n generar un plan de trabajo para ofrecer a la poblaci\u00f3n infantil no s\u00f3lo un desarrollo integral, sino tambi\u00e9n el goce de sus derechos plenos.<\/div>\n<div style=\"text-align: justify\"><\/div>\n<div style=\"text-align: justify\">\u00abEste ejercicio colaborativo de instancias gubernamentales y la propia sociedad civil, estar\u00e1 enfocado a encaminar una serie de acciones y programas a favor de la infancia y adolescencia de Cd. Valles, que el SMDIF ir\u00e1 conduciendo y supervisando de manera peri\u00f3dica\u00bb, explic\u00f3 Cecilia Guinea Corres, directora general del organismo mencionado.<\/div>\n<div style=\"text-align: justify\"><\/div>\n<div style=\"text-align: justify\">En su mensaje, el LAE Juan Jos\u00e9 Ortiz enfatiz\u00f3 la necesidad de sumar voluntades y desempe\u00f1ar con responsabilidad el cargo conferido, tomando protesta a los miembros que conformaron la Comisi\u00f3n e hizo especial hincapi\u00e9 en que los ni\u00f1os, ni\u00f1as y adolescentes, son compromiso de un gobierno en movimiento.<\/div>\n","protected":false},"excerpt":{"rendered":"<p>-Acciones y Programas a favor de la infancia Ciudad Valles 12\/1\/13.- Por la tarde del pasado viernes 11 de enero, fue instalada formalmente la Comisi\u00f3n Especializada en la Tutela y el inter\u00e9s superior de ni\u00f1os, ni\u00f1as y adolescentes del municipio (COMDIA). Derivado de la Convenci\u00f3n &hellip; <\/p>\n","protected":false},"author":1,"featured_media":2656,"comment_status":"open","ping_status":"open","sticky":false,"template":"","format":"standard","meta":{"footnotes":""},"categories":[7],"tags":[],"class_list":["post-2657","post","type-post","status-publish","format-standard","has-post-thumbnail","hentry","category-ciudad"],"_links":{"self":[{"href":"https:\/\/amanecerhuasteco.com\/portal\/wp-json\/wp\/v2\/posts\/2657","targetHints":{"allow":["GET"]}}],"collection":[{"href":"https:\/\/amanecerhuasteco.com\/portal\/wp-json\/wp\/v2\/posts"}],"about":[{"href":"https:\/\/amanecerhuasteco.com\/portal\/wp-json\/wp\/v2\/types\/post"}],"author":[{"embeddable":true,"href":"https:\/\/amanecerhuasteco.com\/portal\/wp-json\/wp\/v2\/users\/1"}],"replies":[{"embeddable":true,"href":"https:\/\/amanecerhuasteco.com\/portal\/wp-json\/wp\/v2\/comments?post=2657"}],"version-history":[{"count":0,"href":"https:\/\/amanecerhuasteco.com\/portal\/wp-json\/wp\/v2\/posts\/2657\/revisions"}],"wp:featuredmedia":[{"embeddable":true,"href":"https:\/\/amanecerhuasteco.com\/portal\/wp-json\/wp\/v2\/media\/2656"}],"wp:attachment":[{"href":"https:\/\/amanecerhuasteco.com\/portal\/wp-json\/wp\/v2\/media?parent=2657"}],"wp:term":[{"taxonomy":"category","embeddable":true,"href":"https:\/\/amanecerhuasteco.com\/portal\/wp-json\/wp\/v2\/categories?post=2657"},{"taxonomy":"post_tag","embeddable":true,"href":"https:\/\/amanecerhuasteco.com\/portal\/wp-json\/wp\/v2\/tags?post=2657"}],"curies":[{"name":"wp","href":"https:\/\/api.w.org\/{rel}","templated":true}]}}