{"id":2661,"date":"2013-01-14T15:37:45","date_gmt":"2013-01-14T21:37:45","guid":{"rendered":"http:\/\/amanecerhuasteco.com\/portal\/2013\/01\/14\/mejor-servicio-urbano-para-los-vallenses\/"},"modified":"2013-01-14T15:37:45","modified_gmt":"2013-01-14T21:37:45","slug":"mejor-servicio-urbano-para-los-vallenses","status":"publish","type":"post","link":"https:\/\/amanecerhuasteco.com\/portal\/mejor-servicio-urbano-para-los-vallenses\/","title":{"rendered":"MEJOR  SERVICIO URBANO PARA LOS VALLENSES"},"content":{"rendered":"<div style=\"text-align: justify\"><\/div>\n<div style=\"text-align: justify\"><strong>-Ser\u00e1n 25 nuevas unidades Ciudad Valles S.L.P. <\/strong><\/div>\n<div style=\"text-align: justify\">En un importante acto realizado el pasado lunes 7 de enero, autoridades municipales y los representantes del Servicio Urbano de Valles, dieron el banderazo de arranque a las modernas unidades de pasajeros que prestaran el servicio de transporte a los vallenses. <\/div>\n<div style=\"text-align: justify\">     Como parte de la renovaci\u00f3n del parque vehicular el Servicio Urbano de Valles, se dio el banderazo de arranque a las primeras 7 unidades de un total de 25 que ser\u00e1n renovadas en este mismo a\u00f1o, as\u00ed lo informo el Gerente de Servicio Urbano de Valles, Lic. Mart\u00edn Hern\u00e1ndez R\u00edos.      Explic\u00f3, que la empresa del Servicio Urbano presta el servicio urbano a miles de usuarios que se dirigen a sus trabajos o planteles educativos, correspondiendo con la adquisici\u00f3n de modernas unidades a la preferencia que tiene.         <\/div>\n<div style=\"text-align: justify\"><img decoding=\"async\" src=\"images\/stories\/-ene13\/bus4.jpg\" border=\"0\" alt=\"Forman parte de la renovaci\u00f3n del servicio\" title=\"Forman parte de la renovaci\u00f3n del servicio\" \/><\/div>\n<div style=\"text-align: justify\">El banderazo de arranque de las nuevas unidades correspondi\u00f3 al Presidente Municipal LAE Juan Jos\u00e9 Ortiz Azuara, al Gerente del Servicio Urbano de Valles Lic. Mart\u00edn Hern\u00e1ndez R\u00edos, y el Delegado de la SCT Lic. Margarito Manilla.       Se informo que  se trata de autobuses Mercedez Benz que cuentan con los m\u00e1s modernos y confortables asientos que har\u00e1n placentero el transporte de los usuarios, en total ser\u00e1n adquiridas por el Servicio Urbano de Valles 25 unidades ultimo modelo que vienen a sustituir a unidades de modelo atrasado, con lo que el servicio se prestara de una manera eficiente y placentera en beneficio de los usuarios.<\/div>\n<div style=\"text-align: justify\"><img decoding=\"async\" src=\"images\/stories\/-ene13\/bus3.jpg\" border=\"0\" alt=\"autoridades municipales y los representantes del Servicio Urbano de Valles, dieron el banderazo de arranque a las modernas unidades\" title=\"autoridades municipales y los representantes del Servicio Urbano de Valles, dieron el banderazo de arranque a las modernas unidades\" \/>\u00a0<img decoding=\"async\" src=\"images\/stories\/-ene13\/bus2.jpg\" border=\"0\" alt=\"Lic. Mart\u00edn Hern\u00e1ndez R\u00edos, Gerente de Servicio Urbano de Valles\" title=\"Lic. Mart\u00edn Hern\u00e1ndez R\u00edos, Gerente de Servicio Urbano de Valles\" \/><\/div>\n","protected":false},"excerpt":{"rendered":"<p>-Ser\u00e1n 25 nuevas unidades Ciudad Valles S.L.P. En un importante acto realizado el pasado lunes 7 de enero, autoridades municipales y los representantes del Servicio Urbano de Valles, dieron el banderazo de arranque a las modernas unidades de pasajeros que prestaran el servicio de transporte &hellip; <\/p>\n","protected":false},"author":1,"featured_media":2660,"comment_status":"open","ping_status":"open","sticky":false,"template":"","format":"standard","meta":{"footnotes":""},"categories":[4],"tags":[],"class_list":["post-2661","post","type-post","status-publish","format-standard","has-post-thumbnail","hentry","category-inicio"],"_links":{"self":[{"href":"https:\/\/amanecerhuasteco.com\/portal\/wp-json\/wp\/v2\/posts\/2661","targetHints":{"allow":["GET"]}}],"collection":[{"href":"https:\/\/amanecerhuasteco.com\/portal\/wp-json\/wp\/v2\/posts"}],"about":[{"href":"https:\/\/amanecerhuasteco.com\/portal\/wp-json\/wp\/v2\/types\/post"}],"author":[{"embeddable":true,"href":"https:\/\/amanecerhuasteco.com\/portal\/wp-json\/wp\/v2\/users\/1"}],"replies":[{"embeddable":true,"href":"https:\/\/amanecerhuasteco.com\/portal\/wp-json\/wp\/v2\/comments?post=2661"}],"version-history":[{"count":0,"href":"https:\/\/amanecerhuasteco.com\/portal\/wp-json\/wp\/v2\/posts\/2661\/revisions"}],"wp:featuredmedia":[{"embeddable":true,"href":"https:\/\/amanecerhuasteco.com\/portal\/wp-json\/wp\/v2\/media\/2660"}],"wp:attachment":[{"href":"https:\/\/amanecerhuasteco.com\/portal\/wp-json\/wp\/v2\/media?parent=2661"}],"wp:term":[{"taxonomy":"category","embeddable":true,"href":"https:\/\/amanecerhuasteco.com\/portal\/wp-json\/wp\/v2\/categories?post=2661"},{"taxonomy":"post_tag","embeddable":true,"href":"https:\/\/amanecerhuasteco.com\/portal\/wp-json\/wp\/v2\/tags?post=2661"}],"curies":[{"name":"wp","href":"https:\/\/api.w.org\/{rel}","templated":true}]}}