{"id":2664,"date":"2013-01-14T17:32:44","date_gmt":"2013-01-14T23:32:44","guid":{"rendered":"http:\/\/amanecerhuasteco.com\/portal\/2013\/01\/14\/conforman-comite-de-vinculacion-con-el-sector-productivo-del-cbta-121\/"},"modified":"2013-01-14T17:32:44","modified_gmt":"2013-01-14T23:32:44","slug":"conforman-comite-de-vinculacion-con-el-sector-productivo-del-cbta-121","status":"publish","type":"post","link":"https:\/\/amanecerhuasteco.com\/portal\/conforman-comite-de-vinculacion-con-el-sector-productivo-del-cbta-121\/","title":{"rendered":"Conforman Comit\u00e9 de Vinculaci\u00f3n con el Sector Productivo del CBTA 121"},"content":{"rendered":"<div style=\"text-align: justify\">\u00a0<\/div>\n<div style=\"text-align: justify\">Tamuin S.L.P.- En una reuni\u00f3n Celebrada el D\u00eda 9 de Enero del 2013 en el sal\u00f3n de cabildos se llev\u00f3 a cabo la conformaci\u00f3n del Comit\u00e9 de Vinculaci\u00f3n con el Sector Productivo del CBTA 121, en donde se relacionan los Departamentos m\u00e1s importantes del Ayuntamiento \u00a0con los alumnos \u00a0y el personal de la Instituci\u00f3n, para coadyuvar cooperando en las actividades que el Ayuntamiento necesite.<\/div>\n<div style=\"text-align: justify\">Este comit\u00e9 contribuir\u00e1 a la soluci\u00f3n de problemas estructurales del Sistema Educativo y de Capacitaci\u00f3n.\u00a0<\/div>\n<div style=\"text-align: justify\">Algunos de los objetivos del Comit\u00e9 son Participar en los programas \u00a0y proyectos que se llevan a cabo en el municipio a fin de hacerlos congruentes \u00a0con las necesidades \u00a0de las comunidades \u00a0Rurales, fortalecer la participaci\u00f3n \u00a0entre el CBTA \u00a0121, las comunidades \u00a0Rurales \u00a0y la Presidencia Municipal, Realizar actividades de Capacitaci\u00f3n en las comunidades y Promover Programas de Cooperaci\u00f3n \u00a0con el sector productivo para la realizaci\u00f3n \u00a0de pr\u00e1cticas profesionales \u00a0y prestaci\u00f3n del servicio social.\u00a0<\/div>\n<div style=\"text-align: justify\">De esta manera queda conformado el comit\u00e9 encabezando el Presidente Municipal, el Ing. Santiago Ledezma Cano, as\u00ed como el Director del CBTA 121, Ing. Marco A. P\u00e9rez \u00a0Delgadillo, tambi\u00e9n lo componen \u00a0los responsables de los principales Departamentos del Ayuntamiento, como es Ecolog\u00eda, \u00a0SMDIF, Seguro Popular, Educaci\u00f3n, Acci\u00f3n C\u00edvica y Eventos, Cultura y Turismo, Salud, Asuntos Ind\u00edgenas, Desarrollo Rural, Instituto de la Mujer y la Juventud, as\u00ed como Bibliotecas.\u00a0<\/div>\n","protected":false},"excerpt":{"rendered":"<p>\u00a0 Tamuin S.L.P.- En una reuni\u00f3n Celebrada el D\u00eda 9 de Enero del 2013 en el sal\u00f3n de cabildos se llev\u00f3 a cabo la conformaci\u00f3n del Comit\u00e9 de Vinculaci\u00f3n con el Sector Productivo del CBTA 121, en donde se relacionan los Departamentos m\u00e1s importantes del &hellip; <\/p>\n","protected":false},"author":1,"featured_media":2663,"comment_status":"open","ping_status":"open","sticky":false,"template":"","format":"standard","meta":{"footnotes":""},"categories":[20],"tags":[],"class_list":["post-2664","post","type-post","status-publish","format-standard","has-post-thumbnail","hentry","category-tamuin"],"_links":{"self":[{"href":"https:\/\/amanecerhuasteco.com\/portal\/wp-json\/wp\/v2\/posts\/2664","targetHints":{"allow":["GET"]}}],"collection":[{"href":"https:\/\/amanecerhuasteco.com\/portal\/wp-json\/wp\/v2\/posts"}],"about":[{"href":"https:\/\/amanecerhuasteco.com\/portal\/wp-json\/wp\/v2\/types\/post"}],"author":[{"embeddable":true,"href":"https:\/\/amanecerhuasteco.com\/portal\/wp-json\/wp\/v2\/users\/1"}],"replies":[{"embeddable":true,"href":"https:\/\/amanecerhuasteco.com\/portal\/wp-json\/wp\/v2\/comments?post=2664"}],"version-history":[{"count":0,"href":"https:\/\/amanecerhuasteco.com\/portal\/wp-json\/wp\/v2\/posts\/2664\/revisions"}],"wp:featuredmedia":[{"embeddable":true,"href":"https:\/\/amanecerhuasteco.com\/portal\/wp-json\/wp\/v2\/media\/2663"}],"wp:attachment":[{"href":"https:\/\/amanecerhuasteco.com\/portal\/wp-json\/wp\/v2\/media?parent=2664"}],"wp:term":[{"taxonomy":"category","embeddable":true,"href":"https:\/\/amanecerhuasteco.com\/portal\/wp-json\/wp\/v2\/categories?post=2664"},{"taxonomy":"post_tag","embeddable":true,"href":"https:\/\/amanecerhuasteco.com\/portal\/wp-json\/wp\/v2\/tags?post=2664"}],"curies":[{"name":"wp","href":"https:\/\/api.w.org\/{rel}","templated":true}]}}