{"id":2675,"date":"2013-01-16T22:38:13","date_gmt":"2013-01-17T04:38:13","guid":{"rendered":"http:\/\/amanecerhuasteco.com\/portal\/2013\/01\/16\/llaman-de-nueva-cuenta-a-comparecer-al-titular-de-la-sct-ante-el-congreso-del-estado\/"},"modified":"2013-01-16T22:38:13","modified_gmt":"2013-01-17T04:38:13","slug":"llaman-de-nueva-cuenta-a-comparecer-al-titular-de-la-sct-ante-el-congreso-del-estado","status":"publish","type":"post","link":"https:\/\/amanecerhuasteco.com\/portal\/llaman-de-nueva-cuenta-a-comparecer-al-titular-de-la-sct-ante-el-congreso-del-estado\/","title":{"rendered":"LLAMAN DE NUEVA CUENTA A COMPARECER AL TITULAR DE LA SCT ANTE EL CONGRESO DEL ESTADO"},"content":{"rendered":"<div style=\"text-align: justify\"><span style=\"line-height: 1.3em\">San Luis Potos\u00ed 17\/1\/13.- La diputada Socorro Herrera Orta, presidenta de la Comisi\u00f3n de Comunicaciones y Transportes indic\u00f3 que se solicitar\u00e1 nuevamente la presencia de Mart\u00edn Joel Gonz\u00e1lez de Anda, titular de la Secretar\u00eda de Comunicaciones y Transportes, para que acuda a una sesi\u00f3n de trabajo con los legisladores que integran esta comisi\u00f3n legislativa.<\/span><\/div>\n<div style=\"text-align: justify\">\u00a0 \u00a0 \u00a0Detall\u00f3 que es indispensable la presencia del titular de la SCT Estatal para que presente la informaci\u00f3n y los estudios tendientes a la revisi\u00f3n a la tarifa del transporte p\u00fablico, que luego de las reformas a la Ley de Transporte P\u00fablico debe ser avalada por el Poder Legislativo, previa aprobaci\u00f3n del Consejo Estatal de Transporte que preside precisamente la SCT.<\/div>\n<div style=\"text-align: justify\">\u00a0 \u00a0 \u00a0 Destac\u00f3 que seg\u00fan la propia ley, para el segundo s\u00e1bado del segundo mes del a\u00f1o ya tiene que estar publicada la tarifa del transporte p\u00fablico, por lo cual es indispensable conocer los estudios que ha realizado la Secretar\u00eda de Comunicaciones y Transportes al respecto y los compromisos que han cumplido los permisionarios para mejorar el servicio a los usuarios.<\/div>\n<div style=\"text-align: justify\">\u00a0 \u00a0 \u00a0 \u201cNosotros como Comisi\u00f3n de Comunicaciones y Transportes sesionamos y el acuerdo es que nuevamente se le convoque para analizar el tema el posible incremento a las tarifas del transporte p\u00fablico\u201d.<\/div>\n<div style=\"text-align: justify\">\u00a0 \u00a0 \u00a0Puntualiz\u00f3 que es imperante que el Secretario de Comunicaciones y Transportes nos pueda brindar la informaci\u00f3n para que nosotros podamos llevar a cabo el dictamen de dicho resolutivo del Consejo Estatal del Transporte\u201d.<\/div>\n<div style=\"text-align: justify\">\u00a0 \u00a0 \u00a0 Finalmente, la legisladora indic\u00f3 que otro punto que est\u00e1 por aprobarse al interior de la Comisi\u00f3n de Comunicaciones y Transportes se refiere a la modificaci\u00f3n a la Ley de Transporte P\u00fablico en cuanto a la integraci\u00f3n del Consejo Estatal de Transporte, a fin de incluir de manera oficial a los estudiantes, ciudadanos y operadores en las toma de decisiones que emita dicho \u00f3rgano. \u201cLa semana que viene esperamos que ya podamos contar con un proyecto de dictamen para que el Consejo Estatal pueda ser m\u00e1s plural, participativo y ciudadano, para que se escuchen sus voces\u201d, subray\u00f3 la legisladora.<\/div>\n","protected":false},"excerpt":{"rendered":"<p>San Luis Potos\u00ed 17\/1\/13.- La diputada Socorro Herrera Orta, presidenta de la Comisi\u00f3n de Comunicaciones y Transportes indic\u00f3 que se solicitar\u00e1 nuevamente la presencia de Mart\u00edn Joel Gonz\u00e1lez de Anda, titular de la Secretar\u00eda de Comunicaciones y Transportes, para que acuda a una sesi\u00f3n de &hellip; <\/p>\n","protected":false},"author":1,"featured_media":17874,"comment_status":"open","ping_status":"open","sticky":false,"template":"","format":"standard","meta":{"footnotes":""},"categories":[11],"tags":[],"class_list":["post-2675","post","type-post","status-publish","format-standard","has-post-thumbnail","hentry","category-estado"],"_links":{"self":[{"href":"https:\/\/amanecerhuasteco.com\/portal\/wp-json\/wp\/v2\/posts\/2675","targetHints":{"allow":["GET"]}}],"collection":[{"href":"https:\/\/amanecerhuasteco.com\/portal\/wp-json\/wp\/v2\/posts"}],"about":[{"href":"https:\/\/amanecerhuasteco.com\/portal\/wp-json\/wp\/v2\/types\/post"}],"author":[{"embeddable":true,"href":"https:\/\/amanecerhuasteco.com\/portal\/wp-json\/wp\/v2\/users\/1"}],"replies":[{"embeddable":true,"href":"https:\/\/amanecerhuasteco.com\/portal\/wp-json\/wp\/v2\/comments?post=2675"}],"version-history":[{"count":0,"href":"https:\/\/amanecerhuasteco.com\/portal\/wp-json\/wp\/v2\/posts\/2675\/revisions"}],"wp:featuredmedia":[{"embeddable":true,"href":"https:\/\/amanecerhuasteco.com\/portal\/wp-json\/wp\/v2\/media\/17874"}],"wp:attachment":[{"href":"https:\/\/amanecerhuasteco.com\/portal\/wp-json\/wp\/v2\/media?parent=2675"}],"wp:term":[{"taxonomy":"category","embeddable":true,"href":"https:\/\/amanecerhuasteco.com\/portal\/wp-json\/wp\/v2\/categories?post=2675"},{"taxonomy":"post_tag","embeddable":true,"href":"https:\/\/amanecerhuasteco.com\/portal\/wp-json\/wp\/v2\/tags?post=2675"}],"curies":[{"name":"wp","href":"https:\/\/api.w.org\/{rel}","templated":true}]}}