{"id":26789,"date":"2018-08-05T17:44:41","date_gmt":"2018-08-05T23:44:41","guid":{"rendered":"http:\/\/amanecerhuasteco.com\/portal\/?p=26789"},"modified":"2018-08-05T17:49:23","modified_gmt":"2018-08-05T23:49:23","slug":"generacion-de-energia-sustentable-sinonimo-del-progreso-de-slp-iberdrola","status":"publish","type":"post","link":"https:\/\/amanecerhuasteco.com\/portal\/generacion-de-energia-sustentable-sinonimo-del-progreso-de-slp-iberdrola\/","title":{"rendered":"Generaci\u00f3n de energ\u00eda sustentable, sin\u00f3nimo del progreso de SLP: Iberdrola  \u00a0"},"content":{"rendered":"<p><strong>\u00a0<\/strong><\/p>\n<p>&nbsp;<\/p>\n<ul>\n<li><strong>Tiene SLP el mayor parque de energ\u00eda solar del grupo Iberdrola en el mundo. <\/strong><\/li>\n<li><strong>El Gobernador del Estado Juan Manuel Carreras L\u00f3pez, recorre el parque fotovoltaico Santiago en Villa de Arriaga.<\/strong><\/li>\n<li><strong>Tiene una capacidad de generaci\u00f3n de 170 megavatios (MW), equivalente a suministrar energ\u00eda limpia a 138 mil hogares<\/strong><\/li>\n<\/ul>\n<p>Villa de Arriaga.- S.L.P., Los proyectos de generaci\u00f3n de energ\u00eda sustentable se traducen en progreso, indic\u00f3 Alfonso Campos Clasing, director de Iberdrola Renovables M\u00e9xico, acompa\u00f1ado por el Gobernador del Estado Juan Manuel Carreras L\u00f3pez, durante un recorrido realizado por el parque fotovoltaico Santiago, el m\u00e1s grande del grupo Iberdrola en el mundo, que requiri\u00f3 una inversi\u00f3n de 250 millones de d\u00f3lares.<\/p>\n<p>Alfonso Campos Clasing explic\u00f3 que este parque tiene una capacidad de generaci\u00f3n de 170 megavatios (MW), equivalente a suministrar energ\u00eda limpia a 138,000 hogares. Cuando empiece a operar a finales de 2018, su equivalente energ\u00e9tico evitar\u00e1 la emisi\u00f3n a la atm\u00f3sfera de m\u00e1s de 350,000 toneladas de CO2 al a\u00f1o.<\/p>\n<p>\u201cEs actualmente el mayor parque fotovoltaico del grupo Iberdrola en el mundo\u201d, cuenta con m\u00e1s de 650 mil paneles solares distribuidos en un terreno de 756 hect\u00e1reas y durante su construcci\u00f3n ha generado 1,200 empleos, dijo Campos Clasing.<\/p>\n<p>Puntualiz\u00f3 que en M\u00e9xico casi la totalidad del personal que trabaja en la energ\u00e9tica espa\u00f1ola son mexicanos, un equipo comprometido con el desarrollo sustentable del pa\u00eds.<\/p>\n<p>El directivo expuso que en el terreno donde se desarrolla el proyecto fueron rescatados y reubicados exitosamente 36 mil organismos, as\u00ed como 13 especies de flora, dos de las cuales est\u00e1n protegidas.<\/p>\n<p>Durante la visita, el titular del Ejecutivo resalt\u00f3 la importancia de estos esquemas de generaci\u00f3n de energ\u00eda limpia, aunado a que aportan a la sociedad empleos y contribuyen al desarrollo de las comunidades cercanas.<\/p>\n<p>En el recorrido estuvieron presentes Carla Hern\u00e1ndez Flores, directora del proyecto Santiago Fotovoltaico; Paola Mart\u00ednez Castro, directora de Comunicaci\u00f3n de Iberdrola M\u00e9xico; Jos\u00e9 Antonio Garfias Montero, propietario de la Ex-Hacienda Santiago; Roberto Garfias C\u00e1novas, propietario del Predio El Palmar; Marco Antonio Garfias C\u00e1novas, propietario del Predio El Palmar, y Gustavo Puente Orozco, Secretario de Desarrollo Econ\u00f3mico.<\/p>\n","protected":false},"excerpt":{"rendered":"<p>\u00a0 &nbsp; Tiene SLP el mayor parque de energ\u00eda solar del grupo Iberdrola en el mundo. El Gobernador del Estado Juan Manuel Carreras L\u00f3pez, recorre el parque fotovoltaico Santiago en Villa de Arriaga. Tiene una capacidad de generaci\u00f3n de 170 megavatios (MW), equivalente a suministrar &hellip; <\/p>\n","protected":false},"author":1,"featured_media":26792,"comment_status":"open","ping_status":"open","sticky":false,"template":"","format":"standard","meta":{"footnotes":""},"categories":[7,11,4,12,5],"tags":[],"class_list":["post-26789","post","type-post","status-publish","format-standard","has-post-thumbnail","hentry","category-ciudad","category-estado","category-inicio","category-nacional","category-politica"],"_links":{"self":[{"href":"https:\/\/amanecerhuasteco.com\/portal\/wp-json\/wp\/v2\/posts\/26789","targetHints":{"allow":["GET"]}}],"collection":[{"href":"https:\/\/amanecerhuasteco.com\/portal\/wp-json\/wp\/v2\/posts"}],"about":[{"href":"https:\/\/amanecerhuasteco.com\/portal\/wp-json\/wp\/v2\/types\/post"}],"author":[{"embeddable":true,"href":"https:\/\/amanecerhuasteco.com\/portal\/wp-json\/wp\/v2\/users\/1"}],"replies":[{"embeddable":true,"href":"https:\/\/amanecerhuasteco.com\/portal\/wp-json\/wp\/v2\/comments?post=26789"}],"version-history":[{"count":1,"href":"https:\/\/amanecerhuasteco.com\/portal\/wp-json\/wp\/v2\/posts\/26789\/revisions"}],"predecessor-version":[{"id":26791,"href":"https:\/\/amanecerhuasteco.com\/portal\/wp-json\/wp\/v2\/posts\/26789\/revisions\/26791"}],"wp:featuredmedia":[{"embeddable":true,"href":"https:\/\/amanecerhuasteco.com\/portal\/wp-json\/wp\/v2\/media\/26792"}],"wp:attachment":[{"href":"https:\/\/amanecerhuasteco.com\/portal\/wp-json\/wp\/v2\/media?parent=26789"}],"wp:term":[{"taxonomy":"category","embeddable":true,"href":"https:\/\/amanecerhuasteco.com\/portal\/wp-json\/wp\/v2\/categories?post=26789"},{"taxonomy":"post_tag","embeddable":true,"href":"https:\/\/amanecerhuasteco.com\/portal\/wp-json\/wp\/v2\/tags?post=26789"}],"curies":[{"name":"wp","href":"https:\/\/api.w.org\/{rel}","templated":true}]}}