{"id":2680,"date":"2013-01-17T15:47:43","date_gmt":"2013-01-17T21:47:43","guid":{"rendered":"http:\/\/amanecerhuasteco.com\/portal\/2013\/01\/17\/alcalde-tomara-protesta-a-nueva-directiva-de-asociacion-de-comerciantes\/"},"modified":"2013-01-17T15:47:43","modified_gmt":"2013-01-17T21:47:43","slug":"alcalde-tomara-protesta-a-nueva-directiva-de-asociacion-de-comerciantes","status":"publish","type":"post","link":"https:\/\/amanecerhuasteco.com\/portal\/alcalde-tomara-protesta-a-nueva-directiva-de-asociacion-de-comerciantes\/","title":{"rendered":"ALCALDE TOMARA PROTESTA A NUEVA DIRECTIVA DE ASOCIACION DE COMERCIANTES"},"content":{"rendered":"<div style=\"text-align: justify\">\u00a0<\/div>\n<div style=\"text-align: justify\"><span style=\"line-height: 1.3em\">Tamuin S.L.P. 17\/1\/13.- \u00a0Ser\u00e1 el pr\u00f3ximo viernes 25 de Enero, cuando \u00a0se tome protesta la nueva directiva de \u00a0la Asociaci\u00f3n \u00a0de \u00a0Comerciantes Ambulantes Fijos y Semifijos \u00a0de Tamuin.\u00a0<\/span><\/div>\n<div style=\"text-align: justify\">\u00a0 \u00a0 \u00a0 Esto en respuesta a la convocatoria emitida por el Ayuntamiento, el pasado 10 de Enero, \u00a0quedando solo registrada una planilla, quien quedo representada de la siguiente manera:<\/div>\n<div style=\"text-align: justify\">\u2022<span style=\"white-space: pre\" class=\"Apple-tab-span\">\t<\/span>Presidente: Rosa In\u00e9s Rodr\u00edguez Zapata.<\/div>\n<div style=\"text-align: justify\">\u2022<span style=\"white-space: pre\" class=\"Apple-tab-span\">\t<\/span>Secretario: Zoila Rodr\u00edguez Mart\u00ednez.<\/div>\n<div style=\"text-align: justify\">\u2022<span style=\"white-space: pre\" class=\"Apple-tab-span\">\t<\/span>Tesorero: Rosendo Mart\u00ednez Vega.<\/div>\n<div style=\"text-align: justify\">\u2022<span style=\"white-space: pre\" class=\"Apple-tab-span\">\t<\/span>Primer Vocal: Maivel Espinoza Cruz.<\/div>\n<div style=\"text-align: justify\">\u2022<span style=\"white-space: pre\" class=\"Apple-tab-span\">\t<\/span>Segundo Vocal: Lester Isidro Z\u00fa\u00f1iga Guzm\u00e1n.<\/div>\n<div style=\"text-align: justify\">\u2022<span style=\"white-space: pre\" class=\"Apple-tab-span\">\t<\/span>Tercer Vocal: Felipe Guillen Aguilar.<\/div>\n<div style=\"text-align: justify\">\u00a0 \u00a0 \u00a0De esta manera ser\u00e1 el pr\u00f3ximo viernes 25 de Enero en punto de las 18:00 horas en el sal\u00f3n de cabildo en donde el Alcalde Santiago Ledezma Cano tomara la Protesta correspondiente a la nueva directiva.<\/div>\n","protected":false},"excerpt":{"rendered":"<p>\u00a0 Tamuin S.L.P. 17\/1\/13.- \u00a0Ser\u00e1 el pr\u00f3ximo viernes 25 de Enero, cuando \u00a0se tome protesta la nueva directiva de \u00a0la Asociaci\u00f3n \u00a0de \u00a0Comerciantes Ambulantes Fijos y Semifijos \u00a0de Tamuin.\u00a0 \u00a0 \u00a0 \u00a0 Esto en respuesta a la convocatoria emitida por el Ayuntamiento, el pasado 10 &hellip; <\/p>\n","protected":false},"author":1,"featured_media":2679,"comment_status":"open","ping_status":"open","sticky":false,"template":"","format":"standard","meta":{"footnotes":""},"categories":[20],"tags":[],"class_list":["post-2680","post","type-post","status-publish","format-standard","has-post-thumbnail","hentry","category-tamuin"],"_links":{"self":[{"href":"https:\/\/amanecerhuasteco.com\/portal\/wp-json\/wp\/v2\/posts\/2680","targetHints":{"allow":["GET"]}}],"collection":[{"href":"https:\/\/amanecerhuasteco.com\/portal\/wp-json\/wp\/v2\/posts"}],"about":[{"href":"https:\/\/amanecerhuasteco.com\/portal\/wp-json\/wp\/v2\/types\/post"}],"author":[{"embeddable":true,"href":"https:\/\/amanecerhuasteco.com\/portal\/wp-json\/wp\/v2\/users\/1"}],"replies":[{"embeddable":true,"href":"https:\/\/amanecerhuasteco.com\/portal\/wp-json\/wp\/v2\/comments?post=2680"}],"version-history":[{"count":0,"href":"https:\/\/amanecerhuasteco.com\/portal\/wp-json\/wp\/v2\/posts\/2680\/revisions"}],"wp:featuredmedia":[{"embeddable":true,"href":"https:\/\/amanecerhuasteco.com\/portal\/wp-json\/wp\/v2\/media\/2679"}],"wp:attachment":[{"href":"https:\/\/amanecerhuasteco.com\/portal\/wp-json\/wp\/v2\/media?parent=2680"}],"wp:term":[{"taxonomy":"category","embeddable":true,"href":"https:\/\/amanecerhuasteco.com\/portal\/wp-json\/wp\/v2\/categories?post=2680"},{"taxonomy":"post_tag","embeddable":true,"href":"https:\/\/amanecerhuasteco.com\/portal\/wp-json\/wp\/v2\/tags?post=2680"}],"curies":[{"name":"wp","href":"https:\/\/api.w.org\/{rel}","templated":true}]}}