{"id":26816,"date":"2018-08-06T15:14:41","date_gmt":"2018-08-06T21:14:41","guid":{"rendered":"http:\/\/amanecerhuasteco.com\/portal\/?p=26816"},"modified":"2018-08-06T15:14:41","modified_gmt":"2018-08-06T21:14:41","slug":"cumplimenta-pgje-madamiento-judicial-por-secuestro-a-presunto-integrante-de-celula-delitictiva","status":"publish","type":"post","link":"https:\/\/amanecerhuasteco.com\/portal\/cumplimenta-pgje-madamiento-judicial-por-secuestro-a-presunto-integrante-de-celula-delitictiva\/","title":{"rendered":"Cumplimenta PGJE madamiento judicial por secuestro a presunto integrante de cel\u00fala delitictiva"},"content":{"rendered":"<p>&nbsp;<\/p>\n<p>Le ped\u00eda dinero a su v\u00edctima originaria de Villa de La Paz<\/p>\n<p>Villa de la Paz.- Un hombre de 29 a\u00f1os de edad, fue detenido por agentes de la Polic\u00eda Ministerial del Estado (PME) en el municipio de Cedral, luego de que el Juez libr\u00f3 una orden de aprehensi\u00f3n en su contra por el delito de secuestro, inform\u00f3 la Procuradur\u00eda General de Justicia de San Luis Potos\u00ed (PGJSLP).<\/p>\n<p>Fue el 16 de febrero del 2017, cuando el afectado se encontraba en los corrales donde tiene sus cabezas de ganado, en un domicilio ubicado en el municipio de Villa de la Paz, cuando el ahora detenido junto con otras cinco personas ingresaron y le preguntaron cu\u00e1nto dinero podr\u00eda entregarles para no secuestrarlo.<\/p>\n<p>La v\u00edctima dijo que no ten\u00eda dinero y por ello, quien parec\u00eda el l\u00edder de la banda y quien portaba un arma de fuego orden\u00f3 que lo subieran a una camioneta y se lo llevaron a una casa en obra negra, donde lo mantuvieron privado de su libertad mientras hablaban con sus familiares para exigirles el pago del rescate.<\/p>\n<p>Horas despu\u00e9s le comunicaron que lo dejar\u00edan en libertad ya que su esposa hab\u00eda entregado una cantidad de dinero y 30 monedas de plata, pero le aclararon que quedar\u00edan \u201ca deber\u201d 50 mil pesos, por los cuales despu\u00e9s pasar\u00edan.<\/p>\n<p>Fue en el mes de marzo de este 2018, cuando el sujeto identificado como el supuesto l\u00edder de la banda regres\u00f3 en una motocicleta y le pregunt\u00f3 si se acordaba de \u00e9l, se\u00f1al\u00e1ndole que no tuviera miedo, que solo regres\u00f3 por la \u201cdeuda\u201d que ten\u00edan con ellos, de lo contrario ahora se llevar\u00eda a su esposa o a su hija, de las cuales ten\u00edan fotograf\u00edas y sab\u00edan d\u00f3nde encontrarlas.<\/p>\n<p>El afectado acudi\u00f3 a denunciar el secuestro que sufri\u00f3 un a\u00f1o antes y las amenazas recibidas recientemente, por lo que personal de la Subprocuradur\u00eda de Justicia del Altiplano comenz\u00f3 las investigaciones respectivas, logrando identificar al presunto l\u00edder como Roberto Carlos \u201cN\u201d.<\/p>\n<p>Los polic\u00edas aportaron elementos de prueba a la carpeta de investigaci\u00f3n y obtuvieron la orden de aprehensi\u00f3n en contra de dicho sujeto, a quien detuvieron en un operativo realizado el fin de semana en el municipio de Cedral, donde adem\u00e1s capturaron a otras cuatro personas con armas y droga.<\/p>\n<p>Se inform\u00f3 que el ahora detenido se encuentra relacionado dentro de una c\u00e9lula delictiva que opera en los municipios del altiplano.<\/p>\n<p>&nbsp;<\/p>\n<p>&#8212;<\/p>\n","protected":false},"excerpt":{"rendered":"<p>&nbsp; Le ped\u00eda dinero a su v\u00edctima originaria de Villa de La Paz Villa de la Paz.- Un hombre de 29 a\u00f1os de edad, fue detenido por agentes de la Polic\u00eda Ministerial del Estado (PME) en el municipio de Cedral, luego de que el Juez &hellip; <\/p>\n","protected":false},"author":1,"featured_media":26817,"comment_status":"open","ping_status":"open","sticky":false,"template":"","format":"standard","meta":{"footnotes":""},"categories":[7,11,4,19,5],"tags":[],"class_list":["post-26816","post","type-post","status-publish","format-standard","has-post-thumbnail","hentry","category-ciudad","category-estado","category-inicio","category-policia","category-politica"],"_links":{"self":[{"href":"https:\/\/amanecerhuasteco.com\/portal\/wp-json\/wp\/v2\/posts\/26816","targetHints":{"allow":["GET"]}}],"collection":[{"href":"https:\/\/amanecerhuasteco.com\/portal\/wp-json\/wp\/v2\/posts"}],"about":[{"href":"https:\/\/amanecerhuasteco.com\/portal\/wp-json\/wp\/v2\/types\/post"}],"author":[{"embeddable":true,"href":"https:\/\/amanecerhuasteco.com\/portal\/wp-json\/wp\/v2\/users\/1"}],"replies":[{"embeddable":true,"href":"https:\/\/amanecerhuasteco.com\/portal\/wp-json\/wp\/v2\/comments?post=26816"}],"version-history":[{"count":2,"href":"https:\/\/amanecerhuasteco.com\/portal\/wp-json\/wp\/v2\/posts\/26816\/revisions"}],"predecessor-version":[{"id":26819,"href":"https:\/\/amanecerhuasteco.com\/portal\/wp-json\/wp\/v2\/posts\/26816\/revisions\/26819"}],"wp:featuredmedia":[{"embeddable":true,"href":"https:\/\/amanecerhuasteco.com\/portal\/wp-json\/wp\/v2\/media\/26817"}],"wp:attachment":[{"href":"https:\/\/amanecerhuasteco.com\/portal\/wp-json\/wp\/v2\/media?parent=26816"}],"wp:term":[{"taxonomy":"category","embeddable":true,"href":"https:\/\/amanecerhuasteco.com\/portal\/wp-json\/wp\/v2\/categories?post=26816"},{"taxonomy":"post_tag","embeddable":true,"href":"https:\/\/amanecerhuasteco.com\/portal\/wp-json\/wp\/v2\/tags?post=26816"}],"curies":[{"name":"wp","href":"https:\/\/api.w.org\/{rel}","templated":true}]}}