{"id":2684,"date":"2013-01-17T20:18:52","date_gmt":"2013-01-18T02:18:52","guid":{"rendered":"http:\/\/amanecerhuasteco.com\/portal\/2013\/01\/17\/rindio-protesta-asociacion-civil-prof-enrique-cruz-gonzalez\/"},"modified":"2013-01-17T20:18:52","modified_gmt":"2013-01-18T02:18:52","slug":"rindio-protesta-asociacion-civil-prof-enrique-cruz-gonzalez","status":"publish","type":"post","link":"https:\/\/amanecerhuasteco.com\/portal\/rindio-protesta-asociacion-civil-prof-enrique-cruz-gonzalez\/","title":{"rendered":"Rindi\u00f3 Protesta Asociaci\u00f3n Civil \u201cProf. Enrique Cruz Gonz\u00e1lez\u201d"},"content":{"rendered":"<div style=\"text-align: justify\">\u00a0<\/div>\n<div style=\"text-align: justify\"><span style=\"line-height: 1.3em\">Tamuin S.L.P. 17\/1\/13.- Ha iniciativa de un grupo de Ex colaboradores de quien fuera Prof. Enrique Cruz Gonz\u00e1lez, y en homenaje a su memoria decidieron darle origen a la asociaci\u00f3n civil \u00a0la cual el d\u00eda Mi\u00e9rcoles 16 de Enero, se consolida \u00a0bajo el Nombre del que fuera Presidente Municipal de Tamuin, S.L.P. en el a\u00f1o de 1997 al 2000, \u201cNayarita por nacimiento, Tamuinense por Adopci\u00f3n\u201d, Asociaci\u00f3n Civil \u201cProf. Enrique Cruz Gonz\u00e1lez\u201d.<\/span><\/div>\n<div style=\"text-align: justify\">\u00a0 \u00a0 \u00a0 \u00a0Quedando conformada como Presidenta la Se\u00f1ora Irma Mendiola de Cruz, Secretaria, la Profa. Teresa P\u00e9rez Granados, como Tesorero, Ing. Marco A. Montoya P\u00e9rez, como primer vocal, Mayra Cruz Mendiola, Como Segundo Vocal, Profa. Griselda Tinajero Segovia, \u00a0y como tercer vocal Daniel Gonz\u00e1lez Gea.\u00a0<\/div>\n<div style=\"text-align: justify\">\u00a0 \u00a0 \u00a0 \u201cLa Asociaci\u00f3n Civil \u201c Prof. Enrique Cruz Gonz\u00e1lez\u201d es una Organizaci\u00f3n No lucrativa, cuyo objeto es impulsar la consolidaci\u00f3n de la cultura \u00a0para un Desarrollo Social y Humano de los J\u00f3venes, mujeres, hombres ni\u00f1os y de la gente que trabaja d\u00eda con d\u00eda luchando por una mejor calidad de vida\u201d<\/div>\n<div style=\"text-align: justify\">\u00a0 \u00a0 \u00a0 As\u00ed lo menciono en la exposici\u00f3n de motivos quien funge como Tesorero de dicha Asociaci\u00f3n, el Ing. Marco Montoya P\u00e9rez, De esta manera el Presidente Municipal Constitucional, Ing. Santiago Ledezma Cano procedi\u00f3 a rendir Protesta a los integrantes de Dicha Asociaci\u00f3n.\u00a0<\/div>\n<div style=\"text-align: justify\"><img decoding=\"async\" src=\"images\/stories\/-ene13\/cruz2.jpg\" border=\"0\" alt=\"Rindi\u00f3 Protesta Asociaci\u00f3n Civil \u201cProf. Enrique Cruz Gonz\u00e1lez\u201d\" title=\"Rindi\u00f3 Protesta Asociaci\u00f3n Civil \u201cProf. Enrique Cruz Gonz\u00e1lez\u201d\" \/>\u00a0<\/div>\n","protected":false},"excerpt":{"rendered":"<p>\u00a0 Tamuin S.L.P. 17\/1\/13.- Ha iniciativa de un grupo de Ex colaboradores de quien fuera Prof. Enrique Cruz Gonz\u00e1lez, y en homenaje a su memoria decidieron darle origen a la asociaci\u00f3n civil \u00a0la cual el d\u00eda Mi\u00e9rcoles 16 de Enero, se consolida \u00a0bajo el Nombre &hellip; <\/p>\n","protected":false},"author":1,"featured_media":2683,"comment_status":"open","ping_status":"open","sticky":false,"template":"","format":"standard","meta":{"footnotes":""},"categories":[20],"tags":[],"class_list":["post-2684","post","type-post","status-publish","format-standard","has-post-thumbnail","hentry","category-tamuin"],"_links":{"self":[{"href":"https:\/\/amanecerhuasteco.com\/portal\/wp-json\/wp\/v2\/posts\/2684","targetHints":{"allow":["GET"]}}],"collection":[{"href":"https:\/\/amanecerhuasteco.com\/portal\/wp-json\/wp\/v2\/posts"}],"about":[{"href":"https:\/\/amanecerhuasteco.com\/portal\/wp-json\/wp\/v2\/types\/post"}],"author":[{"embeddable":true,"href":"https:\/\/amanecerhuasteco.com\/portal\/wp-json\/wp\/v2\/users\/1"}],"replies":[{"embeddable":true,"href":"https:\/\/amanecerhuasteco.com\/portal\/wp-json\/wp\/v2\/comments?post=2684"}],"version-history":[{"count":0,"href":"https:\/\/amanecerhuasteco.com\/portal\/wp-json\/wp\/v2\/posts\/2684\/revisions"}],"wp:featuredmedia":[{"embeddable":true,"href":"https:\/\/amanecerhuasteco.com\/portal\/wp-json\/wp\/v2\/media\/2683"}],"wp:attachment":[{"href":"https:\/\/amanecerhuasteco.com\/portal\/wp-json\/wp\/v2\/media?parent=2684"}],"wp:term":[{"taxonomy":"category","embeddable":true,"href":"https:\/\/amanecerhuasteco.com\/portal\/wp-json\/wp\/v2\/categories?post=2684"},{"taxonomy":"post_tag","embeddable":true,"href":"https:\/\/amanecerhuasteco.com\/portal\/wp-json\/wp\/v2\/tags?post=2684"}],"curies":[{"name":"wp","href":"https:\/\/api.w.org\/{rel}","templated":true}]}}