{"id":2688,"date":"2013-01-18T20:24:51","date_gmt":"2013-01-19T02:24:51","guid":{"rendered":"http:\/\/amanecerhuasteco.com\/portal\/2013\/01\/18\/daniel-perez-valdez-presento-cinco-propuestas-para-resolver-el-problema-que-enfrenta-la-industria-azucarera\/"},"modified":"2013-01-18T20:24:51","modified_gmt":"2013-01-19T02:24:51","slug":"daniel-perez-valdez-presento-cinco-propuestas-para-resolver-el-problema-que-enfrenta-la-industria-azucarera","status":"publish","type":"post","link":"https:\/\/amanecerhuasteco.com\/portal\/daniel-perez-valdez-presento-cinco-propuestas-para-resolver-el-problema-que-enfrenta-la-industria-azucarera\/","title":{"rendered":"Daniel P\u00e9rez Valdez present\u00f3 cinco propuestas para resolver el problema que enfrenta la industria azucarera"},"content":{"rendered":"<div style=\"text-align: justify\"><span style=\"line-height: 1.3em\"><strong>&#8211; Hay preocupaci\u00f3n entre organizaciones por bajo precio<\/strong><\/span><\/div>\n<div style=\"text-align: justify\"><span style=\"line-height: 1.3em\">M\u00e9xico D.F. 18\/1\/13.- Dirigentes de Ca\u00f1eros de la CNC Y CNPR est\u00e1n convocando a \u00a0movilizaciones \u00a0nacionales, a las que podr\u00edan unirse productores \u00a0ca\u00f1eros de San Luis Potos\u00ed y todo el pa\u00eds con marchas y bloqueo de bodegas.<\/span><\/div>\n<div style=\"text-align: justify\">\u00a0 \u00a0 \u00a0Debido al desplome en el precio del az\u00facar que afectara gravemente la econom\u00eda de los productores de ca\u00f1a en esta zafra 2012-2013, \u00a0 Organizaciones ca\u00f1eras se unen en un solo sentir para demostrar a todos los niveles de gobierno la preocupaci\u00f3n por la ca\u00edda en el precio del az\u00facar.<\/div>\n<div style=\"text-align: justify\">\u00a0 \u00a0 \u00a0De manera extraoficial se conoci\u00f3 que el problema motivo que se firmara un acuerdo entre Carlos Blackaller Ayala l\u00edder de la CNPR y Daniel P\u00e9rez Valdez de la CNC, para realizar movilizaciones y protestas por la preocupaci\u00f3n por la ca\u00edda del precio del az\u00facar, y en caso de que el gobierno demuestre desidia, las manifestaciones continuaran \u00a0y habr\u00e1 como consecuencia una inestabilidad social.<\/div>\n<div style=\"text-align: justify\">\u00a0 \u00a0 Por su parte dirigentes locales ca\u00f1eros de la CNC, informaron que su dirigente nacional Daniel P\u00e9rez Valdez present\u00f3 cinco propuestas para resolver el problema que enfrenta la industria azucarera, las cuales fueron presentadas al gobierno federal, estatal y diputados federales y senadores.<\/div>\n<div style=\"text-align: justify\">Entre las propuestas destacan los siguientes puntos:<\/div>\n<div style=\"text-align: justify\">1.- Implementar una pol\u00edtica de Estado que permita adoptar las medidas necesarias para lograr la estabilizaci\u00f3n de los precios del az\u00facar en el mercado nacional.<\/div>\n<div style=\"text-align: justify\">2.- Buscar un mecanismo legal para evitar la exagerada importaci\u00f3n de alta fructosa de ma\u00edz, endulzante de baja calidad que sustituye el az\u00facar de ca\u00f1a, ya que el ciclo azucarero pasado ingresaron a M\u00e9xico 1.1 millones de toneladas.<\/div>\n<div style=\"text-align: justify\">3.- Intervenir para que se autoricen los apoyos necesarios, suficientes y oportunos a los productores de ca\u00f1a o para contrarrestar los efectos negativos en sus ingresos debido a las actuales condiciones del mercado edulcorante en M\u00e9xico.<\/div>\n<div style=\"text-align: justify\">4.- Aplicar las pol\u00edticas de gobierno necesarias para encaminar a la agroindustria de la ca\u00f1a de az\u00facar por su nivel actual de potencial de producci\u00f3n, a la diversificaci\u00f3n de productos o cogeneraci\u00f3n de energ\u00eda, que contempla la Ley de Desarrollo Sustentable de la Ca\u00f1a de Az\u00facar y que, por no haber considerado en su tiempo, afecta en este momento a toda la agroindustria de la ca\u00f1a de az\u00facar.<\/div>\n<div style=\"text-align: justify\">5.- A esta situaci\u00f3n de emergencia del cultivo de la ca\u00f1a de az\u00facar, estim\u00f3, se deben promover ante los gobiernos de los 15 estados del pa\u00eds, donde se cultiva la ca\u00f1a de az\u00facar, su participaci\u00f3n en un programa de apoyo para mantener los polos de desarrollo de las zonas ca\u00f1eras que de este cultivo representa, por su valor econ\u00f3mico dentro de los productos b\u00e1sicos, un ingreso por encima del sorgo, trigo y caf\u00e9, solamente por abajo del ma\u00edz.<\/div>\n<div style=\"text-align: justify\">\u00a0 \u00a0 Por \u00faltimo, el dirigente ca\u00f1ero record\u00f3, en el ciclo azucarero pasado 2011-2012 inici\u00f3 con un precio de 682.42 y 614.76 el bulto de 50 kilogramos de az\u00facar est\u00e1ndar, de octubre a diciembre comenz\u00f3 la ca\u00edda del precio, pues baj\u00f3 de 412.65 a 388.24, y lleg\u00f3 hasta los 375.86, lo que gener\u00f3 p\u00e9rdidas a los ca\u00f1eros de 8 mil 500 millones de pesos.<\/div>\n","protected":false},"excerpt":{"rendered":"<p>&#8211; Hay preocupaci\u00f3n entre organizaciones por bajo precio M\u00e9xico D.F. 18\/1\/13.- Dirigentes de Ca\u00f1eros de la CNC Y CNPR est\u00e1n convocando a \u00a0movilizaciones \u00a0nacionales, a las que podr\u00edan unirse productores \u00a0ca\u00f1eros de San Luis Potos\u00ed y todo el pa\u00eds con marchas y bloqueo de bodegas. &hellip; <\/p>\n","protected":false},"author":1,"featured_media":2687,"comment_status":"open","ping_status":"open","sticky":false,"template":"","format":"standard","meta":{"footnotes":""},"categories":[4],"tags":[],"class_list":["post-2688","post","type-post","status-publish","format-standard","has-post-thumbnail","hentry","category-inicio"],"_links":{"self":[{"href":"https:\/\/amanecerhuasteco.com\/portal\/wp-json\/wp\/v2\/posts\/2688","targetHints":{"allow":["GET"]}}],"collection":[{"href":"https:\/\/amanecerhuasteco.com\/portal\/wp-json\/wp\/v2\/posts"}],"about":[{"href":"https:\/\/amanecerhuasteco.com\/portal\/wp-json\/wp\/v2\/types\/post"}],"author":[{"embeddable":true,"href":"https:\/\/amanecerhuasteco.com\/portal\/wp-json\/wp\/v2\/users\/1"}],"replies":[{"embeddable":true,"href":"https:\/\/amanecerhuasteco.com\/portal\/wp-json\/wp\/v2\/comments?post=2688"}],"version-history":[{"count":0,"href":"https:\/\/amanecerhuasteco.com\/portal\/wp-json\/wp\/v2\/posts\/2688\/revisions"}],"wp:featuredmedia":[{"embeddable":true,"href":"https:\/\/amanecerhuasteco.com\/portal\/wp-json\/wp\/v2\/media\/2687"}],"wp:attachment":[{"href":"https:\/\/amanecerhuasteco.com\/portal\/wp-json\/wp\/v2\/media?parent=2688"}],"wp:term":[{"taxonomy":"category","embeddable":true,"href":"https:\/\/amanecerhuasteco.com\/portal\/wp-json\/wp\/v2\/categories?post=2688"},{"taxonomy":"post_tag","embeddable":true,"href":"https:\/\/amanecerhuasteco.com\/portal\/wp-json\/wp\/v2\/tags?post=2688"}],"curies":[{"name":"wp","href":"https:\/\/api.w.org\/{rel}","templated":true}]}}