{"id":2690,"date":"2013-01-21T17:06:13","date_gmt":"2013-01-21T23:06:13","guid":{"rendered":"http:\/\/amanecerhuasteco.com\/portal\/2013\/01\/21\/dona-el-ayuntamiento-terreno-para-construccion-de-la-universidad-intercultural\/"},"modified":"2013-01-21T17:06:13","modified_gmt":"2013-01-21T23:06:13","slug":"dona-el-ayuntamiento-terreno-para-construccion-de-la-universidad-intercultural","status":"publish","type":"post","link":"https:\/\/amanecerhuasteco.com\/portal\/dona-el-ayuntamiento-terreno-para-construccion-de-la-universidad-intercultural\/","title":{"rendered":"DONA EL AYUNTAMIENTO TERRENO PARA CONSTRUCCION DE LA UNIVERSIDAD INTERCULTURAL"},"content":{"rendered":"<div style=\"text-align: justify\"><\/div>\n<div style=\"text-align: justify\"><span style=\"line-height: 1.3em\"><strong>-Nuevo Director de la Universidad Intercultural se re\u00fane con Alcalde\u00a0<\/strong><\/span><\/div>\n<div style=\"text-align: justify\"><span style=\"line-height: 1.3em\">Tamuin S.L.P. 19\/1\/13.- En una reuni\u00f3n celebrada entre el Alcalde, Santiago Ledezma Cano \u00a0con el nuevo Director de la Universidad Intercultural de San Luis Potos\u00ed (UICSLP), el Bi\u00f3logo Edgar Negrete Nava, as\u00ed como tambi\u00e9n la regidora de Educaci\u00f3n, la Profa. Mar\u00eda Eugenia T\u00e9llez Rodr\u00edguez, \u00a0en donde primeramente se present\u00f3 como nuevo Directivo de la Instituci\u00f3n para despu\u00e9s dar paso a tratar los asuntos m\u00e1s importantes para mejorar dicho plantel.\u00a0<\/span><\/div>\n<div style=\"text-align: justify\">Como punto principal trataron el tema de dar seguimiento a \u00a0la donaci\u00f3n del Terreno \u00a0que el municipio hizo a la UICSLP, para ello por acuerdo de cabildo, se aprob\u00f3 la donaci\u00f3n \u00a0en un predio que el Municipio adquiri\u00f3 cerca de la Unidad Deportiva, ya que se proyectar\u00eda \u00a0un mejor crecimiento a futuro para la Universidad, ya que es un espacio de terreno extenso en donde tambi\u00e9n se contempla la construcci\u00f3n de una unidad deportiva.<\/div>\n<div style=\"text-align: justify\">\u201cCon este predio se percibi\u00f3 una mejor oportunidad de crecimiento, ya que se cuenta con las escrituras correspondientes \u00a0y ya se trabaja en la elaboraci\u00f3n de los planos para ubicar los espacios\u201d. As\u00ed lo menciono el Alcalde.<\/div>\n<div style=\"text-align: justify\">Por su parte el Nuevo Director de la Instituci\u00f3n, el Bi\u00f3logo Edgar Negrete Nava menciono que dar\u00e1 seguimiento a los proyectos que generen beneficios para el plantel y logren proyectarla como Instituci\u00f3n.\u00a0<\/div>\n","protected":false},"excerpt":{"rendered":"<p>-Nuevo Director de la Universidad Intercultural se re\u00fane con Alcalde\u00a0 Tamuin S.L.P. 19\/1\/13.- En una reuni\u00f3n celebrada entre el Alcalde, Santiago Ledezma Cano \u00a0con el nuevo Director de la Universidad Intercultural de San Luis Potos\u00ed (UICSLP), el Bi\u00f3logo Edgar Negrete Nava, as\u00ed como tambi\u00e9n la &hellip; <\/p>\n","protected":false},"author":1,"featured_media":2689,"comment_status":"open","ping_status":"open","sticky":false,"template":"","format":"standard","meta":{"footnotes":""},"categories":[20],"tags":[],"class_list":["post-2690","post","type-post","status-publish","format-standard","has-post-thumbnail","hentry","category-tamuin"],"_links":{"self":[{"href":"https:\/\/amanecerhuasteco.com\/portal\/wp-json\/wp\/v2\/posts\/2690","targetHints":{"allow":["GET"]}}],"collection":[{"href":"https:\/\/amanecerhuasteco.com\/portal\/wp-json\/wp\/v2\/posts"}],"about":[{"href":"https:\/\/amanecerhuasteco.com\/portal\/wp-json\/wp\/v2\/types\/post"}],"author":[{"embeddable":true,"href":"https:\/\/amanecerhuasteco.com\/portal\/wp-json\/wp\/v2\/users\/1"}],"replies":[{"embeddable":true,"href":"https:\/\/amanecerhuasteco.com\/portal\/wp-json\/wp\/v2\/comments?post=2690"}],"version-history":[{"count":0,"href":"https:\/\/amanecerhuasteco.com\/portal\/wp-json\/wp\/v2\/posts\/2690\/revisions"}],"wp:featuredmedia":[{"embeddable":true,"href":"https:\/\/amanecerhuasteco.com\/portal\/wp-json\/wp\/v2\/media\/2689"}],"wp:attachment":[{"href":"https:\/\/amanecerhuasteco.com\/portal\/wp-json\/wp\/v2\/media?parent=2690"}],"wp:term":[{"taxonomy":"category","embeddable":true,"href":"https:\/\/amanecerhuasteco.com\/portal\/wp-json\/wp\/v2\/categories?post=2690"},{"taxonomy":"post_tag","embeddable":true,"href":"https:\/\/amanecerhuasteco.com\/portal\/wp-json\/wp\/v2\/tags?post=2690"}],"curies":[{"name":"wp","href":"https:\/\/api.w.org\/{rel}","templated":true}]}}