{"id":2707,"date":"2013-01-21T23:45:02","date_gmt":"2013-01-22T05:45:02","guid":{"rendered":"http:\/\/amanecerhuasteco.com\/portal\/2013\/01\/21\/134-mdp-techo-financiero-para-ciudad-valles\/"},"modified":"2013-01-21T23:45:02","modified_gmt":"2013-01-22T05:45:02","slug":"134-mdp-techo-financiero-para-ciudad-valles","status":"publish","type":"post","link":"https:\/\/amanecerhuasteco.com\/portal\/134-mdp-techo-financiero-para-ciudad-valles\/","title":{"rendered":"134 MDP TECHO FINANCIERO PARA CIUDAD VALLES"},"content":{"rendered":"<div style=\"text-align: justify\">\u00a0<\/div>\n<div style=\"text-align: justify\"><span style=\"line-height: 1.3em\"><strong>&#8211; ES UN 8.2% MAS QUE EL A\u00d1O PASADO<\/strong><\/span><\/div>\n<div style=\"text-align: justify\"><strong>&#8211;\u00a0Se concretara en breve maquiladoras, parqu\u00edmetros y muchas acciones mas<\/strong><\/div>\n<div style=\"text-align: justify\"><span style=\"line-height: 1.3em\">El Presidente Municipal, Lic. Juan Jos\u00e9 Ortiz Azuara, dio a \u00a0conocer, para conocimiento de la ciudadan\u00eda, que el techo financiero para Ciudad Valles en este 2013 es de 134 millones de pesos, que se aplicar\u00e1n en obras y acciones, pero que adem\u00e1s se mezclar\u00e1n con otros programas gubernamentales a fin de lograr m\u00e1s beneficios para los Vallenses.<\/span><\/div>\n<div style=\"text-align: justify\">\u00a0 \u00a0 \u00a0 Inform\u00f3 que este techo financiero, superior en un 8.2% m\u00e1s que el a\u00f1o pasado, se mezclara con programas de diversas secretar\u00edas para obtener m\u00e1s recursos, luego de que, por ejemplo, con el Diputado Jorge Ter\u00e1n se obtendr\u00e1 5 millones de pesos para pavimentaci\u00f3n, y la tambi\u00e9n legisladora Ma. Concepci\u00f3n Ortiz canalizar\u00e1 a esta localidad el 98% del presupuesto que le otorguen.<\/div>\n<div style=\"text-align: justify\">\u00a0 \u00a0 \u00a0Ortiz Azuara inform\u00f3 que en este trimestre tienen que consolidarse obras y acciones de su administraci\u00f3n de ah\u00ed que los \u00faltimos d\u00edas de esta semana estar\u00e1 en Monterrey, Nuevo Le\u00f3n, para concretar m\u00e1s detalles en torno a las 2 empresas maquiladoras con que se est\u00e1 en pl\u00e1ticas para que se instalen en Ciudad Valles.\u00a0<\/div>\n<div style=\"text-align: justify\">Sobre el impulso al programa de Piloncillo Granulado, dijo que con el apoyo de la Secretar\u00eda de Econom\u00eda, se pretende hacer a Valles un centro de acopio de este producto, para lo cual ya se tienen 352 grupos inscritos en incursionar en esta actividad que se ha constatado es redituable y genera empleos.<\/div>\n<div style=\"text-align: justify\">\u00a0 \u00a0 Adem\u00e1s, inform\u00f3 que el programa H\u00e1bitat ampliar\u00e1 su pol\u00edgono de \u00a0atenci\u00f3n en la localidad con lo cual habr\u00e1 m\u00e1s cursos y talleres, pero tambi\u00e9n pavimentaciones y beneficios diversos.<\/div>\n<div style=\"text-align: justify\">\u00a0 \u00a0 \u00a0 Sobre la \u00a0vialidad en la salida a Ciudad Mante, dijo que ya se tienen un estudio muy espec\u00edfico que dar\u00e1 soluci\u00f3n a ese problema e incluye la rehabilitaci\u00f3n del circuito del Colonial, de la calle lateral a la Secundaria t\u00e9cnica n\u00fam. 16 e incluye un puente elevado, entre otras cosas.<\/div>\n<div style=\"text-align: justify\">\u00a0 \u00a0 \u00a0Por \u00faltimo, en torno a los parqu\u00edmetros \u00a0que se instalar\u00e1n, dijo que ser\u00e1n 150 en las calles principales de la zona centro, y de lo que se recaude se entregar\u00e1 un 30% al municipio, que por su parte no invertir\u00e1 nada en la colocaci\u00f3n de los mismos.<\/div>\n<div style=\"text-align: justify\">Por \u00faltimo, anunci\u00f3 que este \u00a0martes estar\u00e1 \u00a0en la localidad el Representante del Programa de Vivienda PROVIVAH, que supervisar\u00e1 las obras del fraccionamiento Bicentenario.\u00a0<\/div>\n","protected":false},"excerpt":{"rendered":"<p>\u00a0 &#8211; ES UN 8.2% MAS QUE EL A\u00d1O PASADO &#8211;\u00a0Se concretara en breve maquiladoras, parqu\u00edmetros y muchas acciones mas El Presidente Municipal, Lic. Juan Jos\u00e9 Ortiz Azuara, dio a \u00a0conocer, para conocimiento de la ciudadan\u00eda, que el techo financiero para Ciudad Valles en este &hellip; <\/p>\n","protected":false},"author":1,"featured_media":2706,"comment_status":"open","ping_status":"open","sticky":false,"template":"","format":"standard","meta":{"footnotes":""},"categories":[4],"tags":[],"class_list":["post-2707","post","type-post","status-publish","format-standard","has-post-thumbnail","hentry","category-inicio"],"_links":{"self":[{"href":"https:\/\/amanecerhuasteco.com\/portal\/wp-json\/wp\/v2\/posts\/2707","targetHints":{"allow":["GET"]}}],"collection":[{"href":"https:\/\/amanecerhuasteco.com\/portal\/wp-json\/wp\/v2\/posts"}],"about":[{"href":"https:\/\/amanecerhuasteco.com\/portal\/wp-json\/wp\/v2\/types\/post"}],"author":[{"embeddable":true,"href":"https:\/\/amanecerhuasteco.com\/portal\/wp-json\/wp\/v2\/users\/1"}],"replies":[{"embeddable":true,"href":"https:\/\/amanecerhuasteco.com\/portal\/wp-json\/wp\/v2\/comments?post=2707"}],"version-history":[{"count":0,"href":"https:\/\/amanecerhuasteco.com\/portal\/wp-json\/wp\/v2\/posts\/2707\/revisions"}],"wp:featuredmedia":[{"embeddable":true,"href":"https:\/\/amanecerhuasteco.com\/portal\/wp-json\/wp\/v2\/media\/2706"}],"wp:attachment":[{"href":"https:\/\/amanecerhuasteco.com\/portal\/wp-json\/wp\/v2\/media?parent=2707"}],"wp:term":[{"taxonomy":"category","embeddable":true,"href":"https:\/\/amanecerhuasteco.com\/portal\/wp-json\/wp\/v2\/categories?post=2707"},{"taxonomy":"post_tag","embeddable":true,"href":"https:\/\/amanecerhuasteco.com\/portal\/wp-json\/wp\/v2\/tags?post=2707"}],"curies":[{"name":"wp","href":"https:\/\/api.w.org\/{rel}","templated":true}]}}