{"id":2711,"date":"2013-01-22T17:42:25","date_gmt":"2013-01-22T23:42:25","guid":{"rendered":"http:\/\/amanecerhuasteco.com\/portal\/2013\/01\/22\/reinstalaron-subcomite-apce\/"},"modified":"2013-01-22T17:42:25","modified_gmt":"2013-01-22T23:42:25","slug":"reinstalaron-subcomite-apce","status":"publish","type":"post","link":"https:\/\/amanecerhuasteco.com\/portal\/reinstalaron-subcomite-apce\/","title":{"rendered":"Reinstalaron Subcomit\u00e9 APCE"},"content":{"rendered":"<div style=\"text-align: justify\">\u00a0<\/div>\n<div style=\"text-align: justify\"><span style=\"line-height: 1.3em\">Tamuin S.L.P. 22\/1\/13.- En una reuni\u00f3n celebrada este lunes en el sal\u00f3n de cabildo de la Presidencia Municipal se llev\u00f3 a cabo la reinstalaci\u00f3n del Subcomit\u00e9 de Atenci\u00f3n a la Poblaci\u00f3n \u00a0en Condiciones de Emergencia, en presencia del Alcalde, Ing. Santiago Ledezma Cano,\u00a0<\/span><\/div>\n<div style=\"text-align: justify\">\u00a0 \u00a0As\u00ed como de la Presidenta del SMDIF, Rosa Linda Leal Mireles, se hizo la entrega de nombramientos a los miembros de dicho subcomit\u00e9, en el cual funge como coordinadora \u00a0la Trabajadora Social Martha A. Ordaz Ram\u00edrez<\/div>\n<div style=\"text-align: justify\">\u00a0 \u00a0 El \u00a0objetivo de este subcomit\u00e9 es proporcionar a la poblaci\u00f3n en situaciones de emergencia, de manera oportuna y eficaz el desarrollo integral de sus familias a trav\u00e9s de la operaci\u00f3n de programas asistenciales en el municipio.<\/div>\n<div style=\"text-align: justify\">\u00a0 \u00a0 \u00a0Estos programas implementaran las estrategias de informaci\u00f3n \u00a0y planes de emergencia en coordinaci\u00f3n con otras dependencias, actuando en casos de desastres, conjuntamente con la unidad de Protecci\u00f3n Civil municipal, \u00a0y Estatal, polic\u00edas ministeriales, cuerpo de bomberos, ej\u00e9rcito mexicano y voluntarios civiles.<\/div>\n<div style=\"text-align: justify\">De esta manera \u00a0llevaron a cabo la presentaci\u00f3n de un plan para estar preparados en caso de que ocurra alguna contingencia en este a\u00f1o, debido a los cambios constantes de clima. As\u00ed lo dio a conocer la Presidenta del SMDIF, Rosa Linda Leal Mireles.<\/div>\n","protected":false},"excerpt":{"rendered":"<p>\u00a0 Tamuin S.L.P. 22\/1\/13.- En una reuni\u00f3n celebrada este lunes en el sal\u00f3n de cabildo de la Presidencia Municipal se llev\u00f3 a cabo la reinstalaci\u00f3n del Subcomit\u00e9 de Atenci\u00f3n a la Poblaci\u00f3n \u00a0en Condiciones de Emergencia, en presencia del Alcalde, Ing. Santiago Ledezma Cano,\u00a0 \u00a0 &hellip; <\/p>\n","protected":false},"author":1,"featured_media":2710,"comment_status":"open","ping_status":"open","sticky":false,"template":"","format":"standard","meta":{"footnotes":""},"categories":[20],"tags":[],"class_list":["post-2711","post","type-post","status-publish","format-standard","has-post-thumbnail","hentry","category-tamuin"],"_links":{"self":[{"href":"https:\/\/amanecerhuasteco.com\/portal\/wp-json\/wp\/v2\/posts\/2711","targetHints":{"allow":["GET"]}}],"collection":[{"href":"https:\/\/amanecerhuasteco.com\/portal\/wp-json\/wp\/v2\/posts"}],"about":[{"href":"https:\/\/amanecerhuasteco.com\/portal\/wp-json\/wp\/v2\/types\/post"}],"author":[{"embeddable":true,"href":"https:\/\/amanecerhuasteco.com\/portal\/wp-json\/wp\/v2\/users\/1"}],"replies":[{"embeddable":true,"href":"https:\/\/amanecerhuasteco.com\/portal\/wp-json\/wp\/v2\/comments?post=2711"}],"version-history":[{"count":0,"href":"https:\/\/amanecerhuasteco.com\/portal\/wp-json\/wp\/v2\/posts\/2711\/revisions"}],"wp:featuredmedia":[{"embeddable":true,"href":"https:\/\/amanecerhuasteco.com\/portal\/wp-json\/wp\/v2\/media\/2710"}],"wp:attachment":[{"href":"https:\/\/amanecerhuasteco.com\/portal\/wp-json\/wp\/v2\/media?parent=2711"}],"wp:term":[{"taxonomy":"category","embeddable":true,"href":"https:\/\/amanecerhuasteco.com\/portal\/wp-json\/wp\/v2\/categories?post=2711"},{"taxonomy":"post_tag","embeddable":true,"href":"https:\/\/amanecerhuasteco.com\/portal\/wp-json\/wp\/v2\/tags?post=2711"}],"curies":[{"name":"wp","href":"https:\/\/api.w.org\/{rel}","templated":true}]}}