{"id":2713,"date":"2013-01-22T19:36:30","date_gmt":"2013-01-23T01:36:30","guid":{"rendered":"http:\/\/amanecerhuasteco.com\/portal\/2013\/01\/22\/gran-exito-de-domingos-culturales-y-de-huapango\/"},"modified":"2013-01-22T19:36:30","modified_gmt":"2013-01-23T01:36:30","slug":"gran-exito-de-domingos-culturales-y-de-huapango","status":"publish","type":"post","link":"https:\/\/amanecerhuasteco.com\/portal\/gran-exito-de-domingos-culturales-y-de-huapango\/","title":{"rendered":"GRAN \u00c9XITO DE DOMINGOS CULTURALES Y DE HUAPANGO"},"content":{"rendered":"<div>\u00a0<\/div>\n<div><strong><span style=\"line-height: 1.3em\">&#8211;\u00a0<\/span><span style=\"line-height: 1.3em\">Preparan ya programa del d\u00eda 27<\/span><\/strong><\/div>\n<div style=\"text-align: justify\"><span style=\"line-height: 1.3em\">Ciudad Valles S.L.P. 22\/1\/13.- Cada vez con mayor \u00e9xito y asistencia de la ciudadan\u00eda, se llevan a cabo los Domingos Culturales y de Huapango, que en la explanada del Jard\u00edn Hidalgo se desarrollan bajo la organizaci\u00f3n de la Direcci\u00f3n de Expresi\u00f3n Art\u00edstica y Cultura, a cargo de la \u00a0Lucila Coronado Nieto.<\/span><\/div>\n<div style=\"text-align: justify\">\u00a0 \u00a0 \u00a0La funcionaria municipal expuso que el pasado domingo se presentaron con gran aceptaci\u00f3n y una gran asistencia de personas, las cantantes solistas Maty Monroy, Luz de Luna y Katy Olea; sin faltar las \u00a0estampas de huapango con el grupo Tierra y Son; por lo que invitan a las familias Vallenses a que el pr\u00f3ximo 27 de \u00a0enero asistan a partir de las 10 de la ma\u00f1ana a la plaza principal y disfruten de la participaci\u00f3n del Tr\u00edo de Huapango Los Cantores, adem\u00e1s de la din\u00e1mica de ense\u00f1anza-aprendizaje del huapango a cargo del Profr. Marco A. Regalado, as\u00ed como M\u00fasica, Trova y Baile.<\/div>\n<div style=\"text-align: justify\">\u00a0 \u00a0 \u00a0 \u00a0Reiter\u00f3 que pueden acudir a esta actividad las personas que ya saben bailar el huapango, as\u00ed como tambi\u00e9n j\u00f3venes y ni\u00f1os que deseen aprender y con ello preservar nuestra m\u00fasica, nuestras costumbres y difundirlas a las futuras generaciones en toda su belleza y esplendor.<\/div>\n","protected":false},"excerpt":{"rendered":"<p>\u00a0 &#8211;\u00a0Preparan ya programa del d\u00eda 27 Ciudad Valles S.L.P. 22\/1\/13.- Cada vez con mayor \u00e9xito y asistencia de la ciudadan\u00eda, se llevan a cabo los Domingos Culturales y de Huapango, que en la explanada del Jard\u00edn Hidalgo se desarrollan bajo la organizaci\u00f3n de la &hellip; <\/p>\n","protected":false},"author":1,"featured_media":2712,"comment_status":"open","ping_status":"open","sticky":false,"template":"","format":"standard","meta":{"footnotes":""},"categories":[4],"tags":[],"class_list":["post-2713","post","type-post","status-publish","format-standard","has-post-thumbnail","hentry","category-inicio"],"_links":{"self":[{"href":"https:\/\/amanecerhuasteco.com\/portal\/wp-json\/wp\/v2\/posts\/2713","targetHints":{"allow":["GET"]}}],"collection":[{"href":"https:\/\/amanecerhuasteco.com\/portal\/wp-json\/wp\/v2\/posts"}],"about":[{"href":"https:\/\/amanecerhuasteco.com\/portal\/wp-json\/wp\/v2\/types\/post"}],"author":[{"embeddable":true,"href":"https:\/\/amanecerhuasteco.com\/portal\/wp-json\/wp\/v2\/users\/1"}],"replies":[{"embeddable":true,"href":"https:\/\/amanecerhuasteco.com\/portal\/wp-json\/wp\/v2\/comments?post=2713"}],"version-history":[{"count":0,"href":"https:\/\/amanecerhuasteco.com\/portal\/wp-json\/wp\/v2\/posts\/2713\/revisions"}],"wp:featuredmedia":[{"embeddable":true,"href":"https:\/\/amanecerhuasteco.com\/portal\/wp-json\/wp\/v2\/media\/2712"}],"wp:attachment":[{"href":"https:\/\/amanecerhuasteco.com\/portal\/wp-json\/wp\/v2\/media?parent=2713"}],"wp:term":[{"taxonomy":"category","embeddable":true,"href":"https:\/\/amanecerhuasteco.com\/portal\/wp-json\/wp\/v2\/categories?post=2713"},{"taxonomy":"post_tag","embeddable":true,"href":"https:\/\/amanecerhuasteco.com\/portal\/wp-json\/wp\/v2\/tags?post=2713"}],"curies":[{"name":"wp","href":"https:\/\/api.w.org\/{rel}","templated":true}]}}