{"id":2717,"date":"2013-01-23T18:50:49","date_gmt":"2013-01-24T00:50:49","guid":{"rendered":"http:\/\/amanecerhuasteco.com\/portal\/2013\/01\/23\/curso-taller-para-combatir-incendios-forestales-en-el-municipio\/"},"modified":"2013-01-23T18:50:49","modified_gmt":"2013-01-24T00:50:49","slug":"curso-taller-para-combatir-incendios-forestales-en-el-municipio","status":"publish","type":"post","link":"https:\/\/amanecerhuasteco.com\/portal\/curso-taller-para-combatir-incendios-forestales-en-el-municipio\/","title":{"rendered":"Curso-Taller para combatir incendios forestales en el municipio"},"content":{"rendered":"<div><span style=\"text-align: justify; line-height: 1.3em\">Ciudad Valles S.L.P. 22\/1\/13.- El Coordinador de Protecci\u00f3n Civil, Cesar Castillo, la directora de Ecolog\u00eda, la Profa. Hilda Cruz Galv\u00e1n, as\u00ed como la Regidora comisionada en asuntos Ecol\u00f3gicos as\u00ed como Tur\u00edsticos, Nubia L\u00e1rraga Segovia, asistieron a un curso &#8211; taller de Diagnostico de capacidades contra incendios forestales, el cual fue impartido en las instalaciones de la UASLPZH.<\/span><\/div>\n<div style=\"text-align: justify\">\u00a0 \u00a0 \u00a0 El objetivo principal del Curso-taller es el evaluar el estado en que se encuentran las capacidades instaladas y requerimientos adicionales relacionados con: Los recursos humanos, materiales (equipamiento) y financieros, programas, proyectos as\u00ed como la disponibilidad de informaci\u00f3n y coordinaci\u00f3n t\u00e9cnica sobre el manejo integral del fuego en las \u00e1reas naturales protegidas, en este caso \u00a0se enfocaron en la sierra de Tanchipa ubicada en nuestro municipio.\u00a0<\/div>\n<div style=\"text-align: justify\">\u00a0 \u00a0 \u00a0Con esta actividad se busca principalmente reunir el grupo de personas que se ocuparan de acudir a atender alg\u00fan siniestro, en caso de que se presente, as\u00ed mismo tener una l\u00ednea base; es decir, saber hacia d\u00f3nde se deben dirigir los esfuerzos para conservar y preservar nuestros bosques libres de incendios.\u00a0<\/div>\n<div style=\"text-align: justify\">\u00a0 \u00a0 \u00a0 \u00a0Parte de \u00e9ste trabajo, es tambi\u00e9n el conocer los diferentes ecosistemas que hay en la regi\u00f3n para as\u00ed prever y evitar los incendios; o en su caso saber c\u00f3mo responder de inmediato a sofocarlos contando con un plan y teniendo estrecha comunicaci\u00f3n entre los equipos con que se cuente para participar.<\/div>\n","protected":false},"excerpt":{"rendered":"<p>Ciudad Valles S.L.P. 22\/1\/13.- El Coordinador de Protecci\u00f3n Civil, Cesar Castillo, la directora de Ecolog\u00eda, la Profa. Hilda Cruz Galv\u00e1n, as\u00ed como la Regidora comisionada en asuntos Ecol\u00f3gicos as\u00ed como Tur\u00edsticos, Nubia L\u00e1rraga Segovia, asistieron a un curso &#8211; taller de Diagnostico de capacidades contra &hellip; <\/p>\n","protected":false},"author":1,"featured_media":17874,"comment_status":"open","ping_status":"open","sticky":false,"template":"","format":"standard","meta":{"footnotes":""},"categories":[7],"tags":[],"class_list":["post-2717","post","type-post","status-publish","format-standard","has-post-thumbnail","hentry","category-ciudad"],"_links":{"self":[{"href":"https:\/\/amanecerhuasteco.com\/portal\/wp-json\/wp\/v2\/posts\/2717","targetHints":{"allow":["GET"]}}],"collection":[{"href":"https:\/\/amanecerhuasteco.com\/portal\/wp-json\/wp\/v2\/posts"}],"about":[{"href":"https:\/\/amanecerhuasteco.com\/portal\/wp-json\/wp\/v2\/types\/post"}],"author":[{"embeddable":true,"href":"https:\/\/amanecerhuasteco.com\/portal\/wp-json\/wp\/v2\/users\/1"}],"replies":[{"embeddable":true,"href":"https:\/\/amanecerhuasteco.com\/portal\/wp-json\/wp\/v2\/comments?post=2717"}],"version-history":[{"count":0,"href":"https:\/\/amanecerhuasteco.com\/portal\/wp-json\/wp\/v2\/posts\/2717\/revisions"}],"wp:featuredmedia":[{"embeddable":true,"href":"https:\/\/amanecerhuasteco.com\/portal\/wp-json\/wp\/v2\/media\/17874"}],"wp:attachment":[{"href":"https:\/\/amanecerhuasteco.com\/portal\/wp-json\/wp\/v2\/media?parent=2717"}],"wp:term":[{"taxonomy":"category","embeddable":true,"href":"https:\/\/amanecerhuasteco.com\/portal\/wp-json\/wp\/v2\/categories?post=2717"},{"taxonomy":"post_tag","embeddable":true,"href":"https:\/\/amanecerhuasteco.com\/portal\/wp-json\/wp\/v2\/tags?post=2717"}],"curies":[{"name":"wp","href":"https:\/\/api.w.org\/{rel}","templated":true}]}}