{"id":2719,"date":"2013-01-23T19:17:49","date_gmt":"2013-01-24T01:17:49","guid":{"rendered":"http:\/\/amanecerhuasteco.com\/portal\/2013\/01\/23\/toman-protesta-a-integrantes-del-consejo-regional-de-seguridad-publica\/"},"modified":"2013-01-23T19:17:49","modified_gmt":"2013-01-24T01:17:49","slug":"toman-protesta-a-integrantes-del-consejo-regional-de-seguridad-publica","status":"publish","type":"post","link":"https:\/\/amanecerhuasteco.com\/portal\/toman-protesta-a-integrantes-del-consejo-regional-de-seguridad-publica\/","title":{"rendered":"TOMAN PROTESTA A INTEGRANTES  DEL CONSEJO REGIONAL DE SEGURIDAD P\u00daBLICA"},"content":{"rendered":"<div style=\"text-align: justify\">\u00a0<\/div>\n<div style=\"text-align: justify\"><strong><span style=\"line-height: 1.3em\">&#8211;\u00a0<\/span><span style=\"line-height: 1.3em\">Trabajar\u00e1 para seguridad de la poblaci\u00f3n<\/span><\/strong><\/div>\n<div style=\"text-align: justify\"><span style=\"line-height: 1.3em\">Ciudad Valles S.L.P. 22\/1\/13.- Las instalaciones del 36 Batall\u00f3n de Infanter\u00eda, de esta ciudad, fueron el marco en el cual la ma\u00f1ana de este martes se llev\u00f3 a cabo la Reuni\u00f3n de Instalaci\u00f3n del Consejo Regional de Seguridad P\u00fablica, contando con la presencia de los Alcaldes de los 20 municipios que integran la zona huasteca.<\/span><\/div>\n<p><img decoding=\"async\" src=\"images\/stories\/-ene13\/reunion3.jpg\" border=\"0\" alt=\"TOMAN PROTESTA A INTEGRANTES  DEL CONSEJO REGIONAL DE SEGURIDAD P\u00daBLICA\" title=\"TOMAN PROTESTA A INTEGRANTES  DEL CONSEJO REGIONAL DE SEGURIDAD P\u00daBLICA\" align=\"right\" \/><\/p>\n<div style=\"text-align: justify\">\u00a0 \u00a0 \u00a0 La \u00a0reuni\u00f3n fue presidida por el Comandante del 36 Batall\u00f3n de Infanter\u00eda, Alejandro Barrera Leal y el Jefe de la Comuna Vallense, Juan Jos\u00e9 Ortiz Azuara, quien dio la bienvenida a sus hom\u00f3logos de toda la regi\u00f3n, que con su asistencia dejaron de manifiesto su inter\u00e9s \u00a0por formar parte del esfuerzo conjunto en materia de seguridad. Se pronunci\u00f3 tambi\u00e9n porque exista una mejor relaci\u00f3n entre municipios, para conjuntar una fuerza de reacci\u00f3n inmediata que genere mayor seguridad de la ciudadan\u00eda<\/div>\n<div style=\"text-align: justify\">Por su parte, el Comandante del 36 Batall\u00f3n de Infanter\u00eda, Alejandro Barrera Leal, se dirigi\u00f3 a los presentes, con quienes dijo, se tiene mayor relaci\u00f3n y se trabaja de manera coordinada con las instancias estatales y federales.<\/div>\n<div style=\"text-align: justify\">\u00a0 \u00a0 \u00a0 Manifest\u00f3 que este Batall\u00f3n est\u00e1 a cargo de todos los municipios de la Huasteca Potosina, con quienes se impulsan acciones diversas en aras de que la seguridad regrese al municipio, que se vaya la violencia y se recupere la confianza y la tranquilidad desde luego con el apoyo y la denuncia de la sociedad, pues s\u00f3lo as\u00ed se podr\u00e1 avanzar.<\/div>\n<div style=\"text-align: justify\">\u00a0 \u00a0 \u00a0 El \u00a0Secretario del Ayuntamiento, Lic. Gilberto Almend\u00e1rez Mar\u00edn, tuvo a su cargo la exposici\u00f3n de motivos \u00a0y bases legales \u00a0para la conformaci\u00f3n del Consejo \u00a0y posteriormente el Presidente Municipal, Lic. Juan Jos\u00e9 Ortiz Azuara, hizo la toma de protesta \u00a0a los integrantes del organismo regional de Seguridad P\u00fablica, por lo que una vez \u00a0establecidos los lineamientos \u00a0y t\u00e9rminos conforme a la Ley General del Sistema de Seguridad P\u00fablica se dio por concluida la sesi\u00f3n.<\/div>\n<div style=\"text-align: justify\"><img decoding=\"async\" src=\"images\/stories\/-ene13\/reunion2.jpg\" border=\"0\" alt=\"TOMAN PROTESTA A INTEGRANTES  DEL CONSEJO REGIONAL DE SEGURIDAD P\u00daBLICA\" title=\"TOMAN PROTESTA A INTEGRANTES  DEL CONSEJO REGIONAL DE SEGURIDAD P\u00daBLICA\" \/>\u00a0<\/div>\n","protected":false},"excerpt":{"rendered":"<p>\u00a0 &#8211;\u00a0Trabajar\u00e1 para seguridad de la poblaci\u00f3n Ciudad Valles S.L.P. 22\/1\/13.- Las instalaciones del 36 Batall\u00f3n de Infanter\u00eda, de esta ciudad, fueron el marco en el cual la ma\u00f1ana de este martes se llev\u00f3 a cabo la Reuni\u00f3n de Instalaci\u00f3n del Consejo Regional de Seguridad &hellip; <\/p>\n","protected":false},"author":1,"featured_media":2718,"comment_status":"open","ping_status":"open","sticky":false,"template":"","format":"standard","meta":{"footnotes":""},"categories":[4],"tags":[],"class_list":["post-2719","post","type-post","status-publish","format-standard","has-post-thumbnail","hentry","category-inicio"],"_links":{"self":[{"href":"https:\/\/amanecerhuasteco.com\/portal\/wp-json\/wp\/v2\/posts\/2719","targetHints":{"allow":["GET"]}}],"collection":[{"href":"https:\/\/amanecerhuasteco.com\/portal\/wp-json\/wp\/v2\/posts"}],"about":[{"href":"https:\/\/amanecerhuasteco.com\/portal\/wp-json\/wp\/v2\/types\/post"}],"author":[{"embeddable":true,"href":"https:\/\/amanecerhuasteco.com\/portal\/wp-json\/wp\/v2\/users\/1"}],"replies":[{"embeddable":true,"href":"https:\/\/amanecerhuasteco.com\/portal\/wp-json\/wp\/v2\/comments?post=2719"}],"version-history":[{"count":0,"href":"https:\/\/amanecerhuasteco.com\/portal\/wp-json\/wp\/v2\/posts\/2719\/revisions"}],"wp:featuredmedia":[{"embeddable":true,"href":"https:\/\/amanecerhuasteco.com\/portal\/wp-json\/wp\/v2\/media\/2718"}],"wp:attachment":[{"href":"https:\/\/amanecerhuasteco.com\/portal\/wp-json\/wp\/v2\/media?parent=2719"}],"wp:term":[{"taxonomy":"category","embeddable":true,"href":"https:\/\/amanecerhuasteco.com\/portal\/wp-json\/wp\/v2\/categories?post=2719"},{"taxonomy":"post_tag","embeddable":true,"href":"https:\/\/amanecerhuasteco.com\/portal\/wp-json\/wp\/v2\/tags?post=2719"}],"curies":[{"name":"wp","href":"https:\/\/api.w.org\/{rel}","templated":true}]}}