{"id":2720,"date":"2013-01-23T19:22:25","date_gmt":"2013-01-24T01:22:25","guid":{"rendered":"http:\/\/amanecerhuasteco.com\/portal\/2013\/01\/23\/administracion-municipal-integrara-el-censo-municipal-de-discapacidad\/"},"modified":"2013-01-23T19:22:25","modified_gmt":"2013-01-24T01:22:25","slug":"administracion-municipal-integrara-el-censo-municipal-de-discapacidad","status":"publish","type":"post","link":"https:\/\/amanecerhuasteco.com\/portal\/administracion-municipal-integrara-el-censo-municipal-de-discapacidad\/","title":{"rendered":"ADMINISTRACION MUNICIPAL INTEGRARA EL CENSO MUNICIPAL DE DISCAPACIDAD"},"content":{"rendered":"<div style=\"text-align: justify\"><strong><span style=\"line-height: 1.3em\">&#8211;\u00a0<\/span><span style=\"line-height: 1.3em\">Verifican adem\u00e1s condiciones de las rampas en la zona centro<\/span><\/strong><\/div>\n<div style=\"text-align: justify\"><span style=\"line-height: 1.3em\">Ciudad Valles S.L.P. 22\/1\/13.- El Gobierno Municipal de Ciudad Valles a trav\u00e9s de la Direcci\u00f3n de Atenci\u00f3n a Personas con Capacidades Diferentes, lleva a cabo un Registro de Personas con Discapacidad tanto en el \u00e1rea rural como urbana con el apoyo de los consejeros y\/o presidentes de sector.<\/span><\/div>\n<div style=\"text-align: justify\">El Titular de esta Direcci\u00f3n, \u00a0V\u00edctor Manuel Mart\u00ednez Amador, dijo que dicho registro tiene por objetivo el integrar el Censo Municipal de Discapacidad, para posteriormente llevar a cabo la credencializaci\u00f3n de los mismos, y gestionar ante casas comerciales convenios de descuentos \u00a0para las personas de sector de los m\u00e1s vulnerables de la sociedad.<\/div>\n<div style=\"text-align: justify\">Pero, adem\u00e1s, resalt\u00f3 que actualmente se hacen recorridos en el primer cuadro de la ciudad para supervisar, verificar, analizar \u00a0y conocer la ubicaci\u00f3n y necesidades que presentan las rampas y \u00e1reas para discapacitados.<\/div>\n<div style=\"text-align: justify\">Subray\u00f3 que la Direcci\u00f3n de Atenci\u00f3n a Personas con Discapacidad, se ha propuesto hacer v\u00ednculos y estrechar relaciones con \u00a0otras direcciones \u00a0para lograr un trabajo eficiente y de calidad \u00a0que se vea reflejado \u00a0en el logro de resultados que beneficien a las personas discapacitadas.<\/div>\n<div style=\"text-align: justify\">Asimismo, indic\u00f3 que el pr\u00f3ximo 31 de enero a las 6 de la tarde, se llevar\u00e1 a cabo \u00a0una conferencia de sensibilizaci\u00f3n para funcionarios p\u00fablicos, directores y jefes de \u00e1rea, entre otras personas, misma que ser\u00e1 impartida \u00a0por \u00a0Ana Bertha Ruiz Az\u00f9a y \u00a0 Andrea Peralta Gonz\u00e1lez, con el firme objetivo de que \u00a0se avance en materia de equidad con las personas discapacitadas.<\/div>\n","protected":false},"excerpt":{"rendered":"<p>&#8211;\u00a0Verifican adem\u00e1s condiciones de las rampas en la zona centro Ciudad Valles S.L.P. 22\/1\/13.- El Gobierno Municipal de Ciudad Valles a trav\u00e9s de la Direcci\u00f3n de Atenci\u00f3n a Personas con Capacidades Diferentes, lleva a cabo un Registro de Personas con Discapacidad tanto en el \u00e1rea &hellip; <\/p>\n","protected":false},"author":1,"featured_media":17874,"comment_status":"open","ping_status":"open","sticky":false,"template":"","format":"standard","meta":{"footnotes":""},"categories":[7],"tags":[],"class_list":["post-2720","post","type-post","status-publish","format-standard","has-post-thumbnail","hentry","category-ciudad"],"_links":{"self":[{"href":"https:\/\/amanecerhuasteco.com\/portal\/wp-json\/wp\/v2\/posts\/2720","targetHints":{"allow":["GET"]}}],"collection":[{"href":"https:\/\/amanecerhuasteco.com\/portal\/wp-json\/wp\/v2\/posts"}],"about":[{"href":"https:\/\/amanecerhuasteco.com\/portal\/wp-json\/wp\/v2\/types\/post"}],"author":[{"embeddable":true,"href":"https:\/\/amanecerhuasteco.com\/portal\/wp-json\/wp\/v2\/users\/1"}],"replies":[{"embeddable":true,"href":"https:\/\/amanecerhuasteco.com\/portal\/wp-json\/wp\/v2\/comments?post=2720"}],"version-history":[{"count":0,"href":"https:\/\/amanecerhuasteco.com\/portal\/wp-json\/wp\/v2\/posts\/2720\/revisions"}],"wp:featuredmedia":[{"embeddable":true,"href":"https:\/\/amanecerhuasteco.com\/portal\/wp-json\/wp\/v2\/media\/17874"}],"wp:attachment":[{"href":"https:\/\/amanecerhuasteco.com\/portal\/wp-json\/wp\/v2\/media?parent=2720"}],"wp:term":[{"taxonomy":"category","embeddable":true,"href":"https:\/\/amanecerhuasteco.com\/portal\/wp-json\/wp\/v2\/categories?post=2720"},{"taxonomy":"post_tag","embeddable":true,"href":"https:\/\/amanecerhuasteco.com\/portal\/wp-json\/wp\/v2\/tags?post=2720"}],"curies":[{"name":"wp","href":"https:\/\/api.w.org\/{rel}","templated":true}]}}