{"id":27254,"date":"2018-08-22T04:58:46","date_gmt":"2018-08-22T10:58:46","guid":{"rendered":"http:\/\/amanecerhuasteco.com\/portal\/?p=27254"},"modified":"2018-08-22T04:58:46","modified_gmt":"2018-08-22T10:58:46","slug":"por-posesion-de-armas-de-fuego-fme-detiene-a-dos-personas","status":"publish","type":"post","link":"https:\/\/amanecerhuasteco.com\/portal\/por-posesion-de-armas-de-fuego-fme-detiene-a-dos-personas\/","title":{"rendered":"Por posesi\u00f3n de armas de fuego, FME detiene a dos personas"},"content":{"rendered":"<p>San Luis Potos\u00ed.- Como resultado de los operativos de seguridad que realizan los Polic\u00edas de la Fuerza Metropolitana Estatal (FME), dos hombres fueron detenidos por la presunta portaci\u00f3n de arma de fuego, en el fraccionamiento G\u00e1lvez.<\/p>\n<p>Fue por la ma\u00f1ana, dentro de los recorridos de vigilancia, cuando sobre calle Tercera Oriente y Avenida Jos\u00e9 de G\u00e1lvez, los Polic\u00edas Metropolitanos tuvieron a la vista a un\u00a0 V.W., tipo Vento, color verde con blanco, con placas de transporte de servicio p\u00fablico, cuyo conductor al notar la presencia de la patrulla, imprimi\u00f3 mayor velocidad a la unidad, por lo que se les dio alcance para una inspecci\u00f3n de rutina.<\/p>\n<p>Result\u00f3 que al interior del veh\u00edculo, se localiz\u00f3 un arma de fuego, tipo escuadra, abastecida con siete cartuchos \u00fatiles, por lo que fueron detenidos Agust\u00edn O., de 49 a\u00f1os de edad y Ra\u00fal G., de 47 a\u00f1os de edad.<\/p>\n<p>El arma, veh\u00edculo y detenidos, quedaron a disposici\u00f3n del Ministerio P\u00fablico del Fuero Federal para que se realicen los tr\u00e1mites correspondientes.<\/p>\n<p>&nbsp;<\/p>\n<p>&nbsp;<\/p>\n<p>-0000-<\/p>\n<p>&nbsp;<\/p>\n<p>&nbsp;<\/p>\n<p>&nbsp;<\/p>\n<p>&nbsp;<\/p>\n<p>&nbsp;<\/p>\n","protected":false},"excerpt":{"rendered":"<p>San Luis Potos\u00ed.- Como resultado de los operativos de seguridad que realizan los Polic\u00edas de la Fuerza Metropolitana Estatal (FME), dos hombres fueron detenidos por la presunta portaci\u00f3n de arma de fuego, en el fraccionamiento G\u00e1lvez. Fue por la ma\u00f1ana, dentro de los recorridos de &hellip; <\/p>\n","protected":false},"author":1,"featured_media":27255,"comment_status":"open","ping_status":"open","sticky":false,"template":"","format":"standard","meta":{"footnotes":""},"categories":[7,11,4,19],"tags":[],"class_list":["post-27254","post","type-post","status-publish","format-standard","has-post-thumbnail","hentry","category-ciudad","category-estado","category-inicio","category-policia"],"_links":{"self":[{"href":"https:\/\/amanecerhuasteco.com\/portal\/wp-json\/wp\/v2\/posts\/27254","targetHints":{"allow":["GET"]}}],"collection":[{"href":"https:\/\/amanecerhuasteco.com\/portal\/wp-json\/wp\/v2\/posts"}],"about":[{"href":"https:\/\/amanecerhuasteco.com\/portal\/wp-json\/wp\/v2\/types\/post"}],"author":[{"embeddable":true,"href":"https:\/\/amanecerhuasteco.com\/portal\/wp-json\/wp\/v2\/users\/1"}],"replies":[{"embeddable":true,"href":"https:\/\/amanecerhuasteco.com\/portal\/wp-json\/wp\/v2\/comments?post=27254"}],"version-history":[{"count":1,"href":"https:\/\/amanecerhuasteco.com\/portal\/wp-json\/wp\/v2\/posts\/27254\/revisions"}],"predecessor-version":[{"id":27256,"href":"https:\/\/amanecerhuasteco.com\/portal\/wp-json\/wp\/v2\/posts\/27254\/revisions\/27256"}],"wp:featuredmedia":[{"embeddable":true,"href":"https:\/\/amanecerhuasteco.com\/portal\/wp-json\/wp\/v2\/media\/27255"}],"wp:attachment":[{"href":"https:\/\/amanecerhuasteco.com\/portal\/wp-json\/wp\/v2\/media?parent=27254"}],"wp:term":[{"taxonomy":"category","embeddable":true,"href":"https:\/\/amanecerhuasteco.com\/portal\/wp-json\/wp\/v2\/categories?post=27254"},{"taxonomy":"post_tag","embeddable":true,"href":"https:\/\/amanecerhuasteco.com\/portal\/wp-json\/wp\/v2\/tags?post=27254"}],"curies":[{"name":"wp","href":"https:\/\/api.w.org\/{rel}","templated":true}]}}