{"id":2729,"date":"2013-01-23T19:43:15","date_gmt":"2013-01-24T01:43:15","guid":{"rendered":"http:\/\/amanecerhuasteco.com\/portal\/2013\/01\/23\/sera-reconsiderada-la-propuesta-de-incremento-a-tarifa-de-agua-en-tamuin\/"},"modified":"2013-01-23T19:43:15","modified_gmt":"2013-01-24T01:43:15","slug":"sera-reconsiderada-la-propuesta-de-incremento-a-tarifa-de-agua-en-tamuin","status":"publish","type":"post","link":"https:\/\/amanecerhuasteco.com\/portal\/sera-reconsiderada-la-propuesta-de-incremento-a-tarifa-de-agua-en-tamuin\/","title":{"rendered":"SERA RECONSIDERADA LA PROPUESTA DE INCREMENTO A TARIFA DE AGUA EN TAMUIN"},"content":{"rendered":"<div style=\"text-align: justify\"><span style=\"line-height: 1.3em\">Tamuin S.L.P.- La Comisi\u00f3n del Agua del Congreso del Estado, que preside el diputado Jos\u00e9 Francisco Mart\u00ednez Ibarra podr\u00eda reconsiderar la negativa al incremento a la tarifa de agua en el municipio de Tamuin a petici\u00f3n del titular del organismo operador de agua en menci\u00f3n.<\/span><\/div>\n<div style=\"text-align: justify\">\u00a0 \u00a0 \u00a0En entrevista con Emilio L\u00f3pez Novoa, director de DAPAT, dijo que la situaci\u00f3n financiera del organismo es delicada ya que aun no es autosuficiente financieramente y recibe apoyo del ayuntamiento, sin embargo en estos primeros meses del gobierno de Santiago Ledezma Cano se ha avanzado de manera considerable comenzando por lograr que no falte agua a la poblaci\u00f3n.<\/div>\n<div style=\"text-align: justify\">\u00a0 \u00a0 \u00a0Explic\u00f3 que el principal problema es la falta de pago de los usuarios ya que de 4500 que integran el padr\u00f3n solo la mitad cubre su recibo de agua y el resto son morosos por lo que se inicio una campa\u00f1a de convencimiento de pago, firmando convenios o facilidades de pago a los deudores lo cual permite que muchos regularicen su situaci\u00f3n.<\/div>\n<div style=\"text-align: justify\">\u00a0 \u00a0 Por otra parte uno de los compromisos del Presidente Municipal Santiago Ledezma Cano es el abasto de agua a todo el municipio lo cual se ha cumplido sin embargo se requieren de nuevas inversiones en bombas, material para dar mantenimiento a las l\u00edneas de conducci\u00f3n entre otras inversiones.<\/div>\n<div style=\"text-align: justify\">\u00a0 \u00a0 \u00a0Puntualizo, que en breve presentara en el Congreso del Estado en la comisi\u00f3n del Agua que preside el Diputado Jos\u00e9 Francisco Mart\u00ednez Ibarra una nueva propuesta de incremento a la tarifa del agua que es m\u00ednima pero permitir\u00e1 tener mas ingresos al organismo operador del agua.<\/div>\n","protected":false},"excerpt":{"rendered":"<p>Tamuin S.L.P.- La Comisi\u00f3n del Agua del Congreso del Estado, que preside el diputado Jos\u00e9 Francisco Mart\u00ednez Ibarra podr\u00eda reconsiderar la negativa al incremento a la tarifa de agua en el municipio de Tamuin a petici\u00f3n del titular del organismo operador de agua en menci\u00f3n. &hellip; <\/p>\n","protected":false},"author":1,"featured_media":17874,"comment_status":"open","ping_status":"open","sticky":false,"template":"","format":"standard","meta":{"footnotes":""},"categories":[20],"tags":[],"class_list":["post-2729","post","type-post","status-publish","format-standard","has-post-thumbnail","hentry","category-tamuin"],"_links":{"self":[{"href":"https:\/\/amanecerhuasteco.com\/portal\/wp-json\/wp\/v2\/posts\/2729","targetHints":{"allow":["GET"]}}],"collection":[{"href":"https:\/\/amanecerhuasteco.com\/portal\/wp-json\/wp\/v2\/posts"}],"about":[{"href":"https:\/\/amanecerhuasteco.com\/portal\/wp-json\/wp\/v2\/types\/post"}],"author":[{"embeddable":true,"href":"https:\/\/amanecerhuasteco.com\/portal\/wp-json\/wp\/v2\/users\/1"}],"replies":[{"embeddable":true,"href":"https:\/\/amanecerhuasteco.com\/portal\/wp-json\/wp\/v2\/comments?post=2729"}],"version-history":[{"count":0,"href":"https:\/\/amanecerhuasteco.com\/portal\/wp-json\/wp\/v2\/posts\/2729\/revisions"}],"wp:featuredmedia":[{"embeddable":true,"href":"https:\/\/amanecerhuasteco.com\/portal\/wp-json\/wp\/v2\/media\/17874"}],"wp:attachment":[{"href":"https:\/\/amanecerhuasteco.com\/portal\/wp-json\/wp\/v2\/media?parent=2729"}],"wp:term":[{"taxonomy":"category","embeddable":true,"href":"https:\/\/amanecerhuasteco.com\/portal\/wp-json\/wp\/v2\/categories?post=2729"},{"taxonomy":"post_tag","embeddable":true,"href":"https:\/\/amanecerhuasteco.com\/portal\/wp-json\/wp\/v2\/tags?post=2729"}],"curies":[{"name":"wp","href":"https:\/\/api.w.org\/{rel}","templated":true}]}}