{"id":2730,"date":"2013-01-24T15:05:23","date_gmt":"2013-01-24T21:05:23","guid":{"rendered":"http:\/\/amanecerhuasteco.com\/portal\/2013\/01\/24\/talleres-de-autoestima-impartira-dif-municipal\/"},"modified":"2013-01-24T15:05:23","modified_gmt":"2013-01-24T21:05:23","slug":"talleres-de-autoestima-impartira-dif-municipal","status":"publish","type":"post","link":"https:\/\/amanecerhuasteco.com\/portal\/talleres-de-autoestima-impartira-dif-municipal\/","title":{"rendered":"TALLERES DE AUTOESTIMA IMPARTIRA DIF MUNICIPAL"},"content":{"rendered":"<div style=\"text-align: justify\"><span style=\"line-height: 1.3em\">Ciudad Valles S.L.P. 24\/1\/13.- \u00a0El SMDIF a trav\u00e9s de la Coordinaci\u00f3n de Gesti\u00f3n y Participaci\u00f3n Social y su departamento de psicolog\u00eda, ofrecer\u00e1n a la poblaci\u00f3n un Taller de Autoestima el cual comprende una serie de estrategias y alternativas para la autovaloraci\u00f3n individual.\u00a0<\/span><\/div>\n<div style=\"text-align: justify\">\u00a0 \u00a0 \u00a0Cuando una persona goza de un buen nivel de autoestima logra entender y satisfacer sus propias necesidades afectivas y aprende a expresar y manejar sus emociones, explic\u00f3 el Doctor Roberto Mart\u00ednez Mart\u00ednez, titular de dicha coordinaci\u00f3n.<\/div>\n<div style=\"text-align: justify\">\u00a0 \u00a0 \u00a0La actividad ser\u00e1 desarrollada por personal profesional en psicolog\u00eda y est\u00e1 dise\u00f1ado para personas adultas y j\u00f3venes principalmente.<\/div>\n<div style=\"text-align: justify\">\u00a0 \u00a0 \u00a0El Taller da inicio el viernes 25 de enero en el sal\u00f3n de usos m\u00faltiples del SMDIF ubicado frente al CRI, sobre la calle Juan Sarabia. \u00a0Las sesiones son cada viernes a partir de la fecha se\u00f1alada a las 9 de la ma\u00f1ana, con una duraci\u00f3n de 2 horas y es completamente gratuito.<\/div>\n<div style=\"text-align: justify\">\u00a0 \u00a0 Por su parte la Directora del SMDIF Cecilia Guinea Corres, se\u00f1al\u00f3 que el servicio de psicolog\u00eda adem\u00e1s de brindar la consulta individual, estar\u00e1 trabajando en terapias grupales y mediante el dise\u00f1o de cursos y talleres con actividades did\u00e1cticas, l\u00fadicas y din\u00e1micas para favorecer el desarrollo psicosocial y la convivencia entre los miembros de la familia.<\/div>\n","protected":false},"excerpt":{"rendered":"<p>Ciudad Valles S.L.P. 24\/1\/13.- \u00a0El SMDIF a trav\u00e9s de la Coordinaci\u00f3n de Gesti\u00f3n y Participaci\u00f3n Social y su departamento de psicolog\u00eda, ofrecer\u00e1n a la poblaci\u00f3n un Taller de Autoestima el cual comprende una serie de estrategias y alternativas para la autovaloraci\u00f3n individual.\u00a0 \u00a0 \u00a0 \u00a0Cuando &hellip; <\/p>\n","protected":false},"author":1,"featured_media":17874,"comment_status":"open","ping_status":"open","sticky":false,"template":"","format":"standard","meta":{"footnotes":""},"categories":[7],"tags":[],"class_list":["post-2730","post","type-post","status-publish","format-standard","has-post-thumbnail","hentry","category-ciudad"],"_links":{"self":[{"href":"https:\/\/amanecerhuasteco.com\/portal\/wp-json\/wp\/v2\/posts\/2730","targetHints":{"allow":["GET"]}}],"collection":[{"href":"https:\/\/amanecerhuasteco.com\/portal\/wp-json\/wp\/v2\/posts"}],"about":[{"href":"https:\/\/amanecerhuasteco.com\/portal\/wp-json\/wp\/v2\/types\/post"}],"author":[{"embeddable":true,"href":"https:\/\/amanecerhuasteco.com\/portal\/wp-json\/wp\/v2\/users\/1"}],"replies":[{"embeddable":true,"href":"https:\/\/amanecerhuasteco.com\/portal\/wp-json\/wp\/v2\/comments?post=2730"}],"version-history":[{"count":0,"href":"https:\/\/amanecerhuasteco.com\/portal\/wp-json\/wp\/v2\/posts\/2730\/revisions"}],"wp:featuredmedia":[{"embeddable":true,"href":"https:\/\/amanecerhuasteco.com\/portal\/wp-json\/wp\/v2\/media\/17874"}],"wp:attachment":[{"href":"https:\/\/amanecerhuasteco.com\/portal\/wp-json\/wp\/v2\/media?parent=2730"}],"wp:term":[{"taxonomy":"category","embeddable":true,"href":"https:\/\/amanecerhuasteco.com\/portal\/wp-json\/wp\/v2\/categories?post=2730"},{"taxonomy":"post_tag","embeddable":true,"href":"https:\/\/amanecerhuasteco.com\/portal\/wp-json\/wp\/v2\/tags?post=2730"}],"curies":[{"name":"wp","href":"https:\/\/api.w.org\/{rel}","templated":true}]}}